{"id":1215,"date":"2011-01-14T07:00:28","date_gmt":"2011-01-14T05:00:28","guid":{"rendered":"http:\/\/www.cetici.com\/teksite\/?p=1215"},"modified":"2011-01-14T07:00:28","modified_gmt":"2011-01-14T05:00:28","slug":"les-mollys","status":"publish","type":"post","link":"https:\/\/www.cetici.com\/teksite\/2011\/01\/14\/les-mollys\/","title":{"rendered":"Les MOLLY&#039;S"},"content":{"rendered":"<p>C&rsquo;est en 2006 que les MOLLY&rsquo;S ont d\u00e9but\u00e9 \u00e0 Amiens, en Picardie. Les quatre membres du groupe sont Benoit Dupont (chant, guitare), Anderson Jinkins (basse, claviers), Antoine Breny (guitare, choeurs) et Hadrien Jeanne (batterie).<\/p>\n<p><a href=\"https:\/\/www.cetici.com\/teksite\/wp-content\/uploads\/2011\/01\/mollys0111.jpg\"><img loading=\"lazy\" decoding=\"async\" class=\"aligncenter size-full wp-image-1216\" title=\"mollys01\" src=\"https:\/\/www.cetici.com\/teksite\/wp-content\/uploads\/2011\/01\/mollys0111.jpg\" alt=\"\" width=\"450\" height=\"263\" \/><\/a><br \/>\n<!--more--><br \/>\nUn son tr\u00e8s rock, beaucoup d&rsquo;\u00e9nergie, le groupe a plus d\u2019une centaine de concerts \u00e0 son actif, en France (en autre au Bataclan, la Cigale et m\u00eame le Zenith) comme \u00e0 l\u2019\u00e9tranger. C&rsquo;est d&rsquo;ailleurs en Angleterre que le groupe a enregistr\u00e9 son premier album.<\/p>\n<p><a href=\"https:\/\/www.cetici.com\/teksite\/wp-content\/uploads\/2011\/01\/MollysCDmini11.jpg\"><img loading=\"lazy\" decoding=\"async\" class=\"alignleft size-full wp-image-1217\" title=\"MollysCDmini\" src=\"https:\/\/www.cetici.com\/teksite\/wp-content\/uploads\/2011\/01\/MollysCDmini11.jpg\" alt=\"\" width=\"118\" height=\"120\" \/><\/a> En concert gratuit \u00e0 Paris le 21 janvier au Truskel, leur CD \u00ab\u00a0Signs of the Night\u00a0\u00bb sortira le 24 janvier (Module A Quick One Records vinyle)<\/p>\n<p>Jusqu&rsquo;au 25 janvier vous pouvez gagner des CD de ce groupe sur le site <a href=\"http:\/\/www.allomusic.com\/#\/\/page\/concours-mollys\" target=\"_blank\">allomusic<\/a>.<\/p>\n<p><object classid=\"clsid:d27cdb6e-ae6d-11cf-96b8-444553540000\" width=\"480\" height=\"385\" codebase=\"http:\/\/download.macromedia.com\/pub\/shockwave\/cabs\/flash\/swflash.cab#version=6,0,40,0\"><param name=\"allowFullScreen\" value=\"true\" \/><param name=\"allowscriptaccess\" value=\"always\" \/><param name=\"src\" value=\"http:\/\/www.youtube.com\/v\/xJx5VDL29j0?fs=1&amp;hl=fr_FR\" \/><param name=\"allowfullscreen\" value=\"true\" \/><\/object><\/p>\n<p>Pour en savoir plus :<br \/>\n<a href=\"http:\/\/www.mollys.fr\/\" target=\"_blank\">Leur site (en construction)<\/a>, <a href=\"http:\/\/www.youtube.com\/user\/mollysvideospage\" target=\"_blank\">Leur page Youtube<\/a>, <a href=\"http:\/\/culturebox.france3.fr\/all\/751\/les-molly_s-le-rock-garage-made-in-amiens#\/all\/751\/les-molly_s-le-rock-garage-made-in-amiens\" target=\"_blank\">Reportage sur France3<\/a><\/p>\n<p>Pour le concours d&rsquo;Allomusic, les questions sont enfantines, mais si vous avez la flemme alors direction la <a href=\"https:\/\/www.cetici.com\/teksite\/tele\/\" target=\"_blank\">page de r\u00e9ponses aux concours<\/a> !<\/p>\n<p><script type=\"text\/javascript\">\/\/ <![CDATA[\n google_ad_client = \"ca-pub-0646997598524711\"; \/* base_article *\/ google_ad_slot = \"0300797812\"; google_ad_width = 468; google_ad_height = 15;\n\/\/ ]]><\/script><br \/>\n<script src=\"http:\/\/pagead2.googlesyndication.com\/pagead\/show_ads.js\" type=\"text\/javascript\">\n<\/script><\/p>\n","protected":false},"excerpt":{"rendered":"<p>C&rsquo;est en 2006 que les MOLLY&rsquo;S ont d\u00e9but\u00e9 \u00e0 Amiens, en Picardie. Les quatre membres du groupe sont Benoit Dupont (chant, guitare), Anderson Jinkins (basse, claviers), Antoine Breny (guitare, choeurs) et Hadrien Jeanne (batterie).<\/p>\n","protected":false},"author":1,"featured_media":0,"comment_status":"open","ping_status":"open","sticky":false,"template":"","format":"standard","meta":{"_jetpack_memberships_contains_paid_content":false,"footnotes":""},"categories":[197,209,7],"tags":[269,565,417],"class_list":["post-1215","post","type-post","status-publish","format-standard","hentry","category-concours","category-musique","category-sorties","tag-cd","tag-concours","tag-mollys"],"yoast_head":"<!-- This site is optimized with the Yoast SEO plugin v22.8 - https:\/\/yoast.com\/wordpress\/plugins\/seo\/ -->\n<title>Les MOLLY&#039;S - Teksite<\/title>\n<meta name=\"robots\" content=\"index, follow, max-snippet:-1, max-image-preview:large, max-video-preview:-1\" \/>\n<link rel=\"canonical\" href=\"https:\/\/www.cetici.com\/teksite\/2011\/01\/14\/les-mollys\/\" \/>\n<meta property=\"og:locale\" content=\"fr_FR\" \/>\n<meta property=\"og:type\" content=\"article\" \/>\n<meta property=\"og:title\" content=\"Les MOLLY&#039;S - Teksite\" \/>\n<meta property=\"og:description\" content=\"C&rsquo;est en 2006 que les MOLLY&rsquo;S ont d\u00e9but\u00e9 \u00e0 Amiens, en Picardie. Les quatre membres du groupe sont Benoit Dupont (chant, guitare), Anderson Jinkins (basse, claviers), Antoine Breny (guitare, choeurs) et Hadrien Jeanne (batterie).\" \/>\n<meta property=\"og:url\" content=\"https:\/\/www.cetici.com\/teksite\/2011\/01\/14\/les-mollys\/\" \/>\n<meta property=\"og:site_name\" content=\"Teksite\" \/>\n<meta property=\"article:published_time\" content=\"2011-01-14T05:00:28+00:00\" \/>\n<meta property=\"og:image\" content=\"http:\/\/www.cetici.com\/teksite\/wp-content\/uploads\/2011\/01\/mollys0111.jpg\" \/>\n<meta name=\"author\" content=\"Teki\" \/>\n<meta name=\"twitter:label1\" content=\"\u00c9crit par\" \/>\n\t<meta name=\"twitter:data1\" content=\"Teki\" \/>\n\t<meta name=\"twitter:label2\" content=\"Dur\u00e9e de lecture estim\u00e9e\" \/>\n\t<meta name=\"twitter:data2\" content=\"1 minute\" \/>\n<script type=\"application\/ld+json\" class=\"yoast-schema-graph\">{\"@context\":\"https:\/\/schema.org\",\"@graph\":[{\"@type\":\"WebPage\",\"@id\":\"https:\/\/www.cetici.com\/teksite\/2011\/01\/14\/les-mollys\/\",\"url\":\"https:\/\/www.cetici.com\/teksite\/2011\/01\/14\/les-mollys\/\",\"name\":\"Les MOLLY&#039;S - Teksite\",\"isPartOf\":{\"@id\":\"https:\/\/www.cetici.com\/teksite\/#website\"},\"primaryImageOfPage\":{\"@id\":\"https:\/\/www.cetici.com\/teksite\/2011\/01\/14\/les-mollys\/#primaryimage\"},\"image\":{\"@id\":\"https:\/\/www.cetici.com\/teksite\/2011\/01\/14\/les-mollys\/#primaryimage\"},\"thumbnailUrl\":\"http:\/\/www.cetici.com\/teksite\/wp-content\/uploads\/2011\/01\/mollys0111.jpg\",\"datePublished\":\"2011-01-14T05:00:28+00:00\",\"dateModified\":\"2011-01-14T05:00:28+00:00\",\"author\":{\"@id\":\"https:\/\/www.cetici.com\/teksite\/#\/schema\/person\/85710e4126d62ea551450b78a501e927\"},\"breadcrumb\":{\"@id\":\"https:\/\/www.cetici.com\/teksite\/2011\/01\/14\/les-mollys\/#breadcrumb\"},\"inLanguage\":\"fr-FR\",\"potentialAction\":[{\"@type\":\"ReadAction\",\"target\":[\"https:\/\/www.cetici.com\/teksite\/2011\/01\/14\/les-mollys\/\"]}]},{\"@type\":\"ImageObject\",\"inLanguage\":\"fr-FR\",\"@id\":\"https:\/\/www.cetici.com\/teksite\/2011\/01\/14\/les-mollys\/#primaryimage\",\"url\":\"http:\/\/www.cetici.com\/teksite\/wp-content\/uploads\/2011\/01\/mollys0111.jpg\",\"contentUrl\":\"http:\/\/www.cetici.com\/teksite\/wp-content\/uploads\/2011\/01\/mollys0111.jpg\"},{\"@type\":\"BreadcrumbList\",\"@id\":\"https:\/\/www.cetici.com\/teksite\/2011\/01\/14\/les-mollys\/#breadcrumb\",\"itemListElement\":[{\"@type\":\"ListItem\",\"position\":1,\"name\":\"Accueil\",\"item\":\"https:\/\/www.cetici.com\/teksite\/\"},{\"@type\":\"ListItem\",\"position\":2,\"name\":\"Les MOLLY&#039;S\"}]},{\"@type\":\"WebSite\",\"@id\":\"https:\/\/www.cetici.com\/teksite\/#website\",\"url\":\"https:\/\/www.cetici.com\/teksite\/\",\"name\":\"Teksite\",\"description\":\"\",\"potentialAction\":[{\"@type\":\"SearchAction\",\"target\":{\"@type\":\"EntryPoint\",\"urlTemplate\":\"https:\/\/www.cetici.com\/teksite\/?s={search_term_string}\"},\"query-input\":\"required name=search_term_string\"}],\"inLanguage\":\"fr-FR\"},{\"@type\":\"Person\",\"@id\":\"https:\/\/www.cetici.com\/teksite\/#\/schema\/person\/85710e4126d62ea551450b78a501e927\",\"name\":\"Teki\",\"image\":{\"@type\":\"ImageObject\",\"inLanguage\":\"fr-FR\",\"@id\":\"https:\/\/www.cetici.com\/teksite\/#\/schema\/person\/image\/\",\"url\":\"https:\/\/secure.gravatar.com\/avatar\/1116b06e3b4c2ebfa9701704f7f385d866e18539e9b1dac7191ebd77566e2d2b?s=96&d=https%3A%2F%2Fwww.cetici.com%2Fteksite%2Fwp-content%2Fthemes%2Fspike_old%2Fimages%2Fgravatar.png&r=g\",\"contentUrl\":\"https:\/\/secure.gravatar.com\/avatar\/1116b06e3b4c2ebfa9701704f7f385d866e18539e9b1dac7191ebd77566e2d2b?s=96&d=https%3A%2F%2Fwww.cetici.com%2Fteksite%2Fwp-content%2Fthemes%2Fspike_old%2Fimages%2Fgravatar.png&r=g\",\"caption\":\"Teki\"},\"url\":\"https:\/\/www.cetici.com\/teksite\/author\/admin\/\"}]}<\/script>\n<!-- \/ Yoast SEO plugin. -->","yoast_head_json":{"title":"Les MOLLY&#039;S - Teksite","robots":{"index":"index","follow":"follow","max-snippet":"max-snippet:-1","max-image-preview":"max-image-preview:large","max-video-preview":"max-video-preview:-1"},"canonical":"https:\/\/www.cetici.com\/teksite\/2011\/01\/14\/les-mollys\/","og_locale":"fr_FR","og_type":"article","og_title":"Les MOLLY&#039;S - Teksite","og_description":"C&rsquo;est en 2006 que les MOLLY&rsquo;S ont d\u00e9but\u00e9 \u00e0 Amiens, en Picardie. Les quatre membres du groupe sont Benoit Dupont (chant, guitare), Anderson Jinkins (basse, claviers), Antoine Breny (guitare, choeurs) et Hadrien Jeanne (batterie).","og_url":"https:\/\/www.cetici.com\/teksite\/2011\/01\/14\/les-mollys\/","og_site_name":"Teksite","article_published_time":"2011-01-14T05:00:28+00:00","og_image":[{"url":"http:\/\/www.cetici.com\/teksite\/wp-content\/uploads\/2011\/01\/mollys0111.jpg"}],"author":"Teki","twitter_misc":{"\u00c9crit par":"Teki","Dur\u00e9e de lecture estim\u00e9e":"1 minute"},"schema":{"@context":"https:\/\/schema.org","@graph":[{"@type":"WebPage","@id":"https:\/\/www.cetici.com\/teksite\/2011\/01\/14\/les-mollys\/","url":"https:\/\/www.cetici.com\/teksite\/2011\/01\/14\/les-mollys\/","name":"Les MOLLY&#039;S - Teksite","isPartOf":{"@id":"https:\/\/www.cetici.com\/teksite\/#website"},"primaryImageOfPage":{"@id":"https:\/\/www.cetici.com\/teksite\/2011\/01\/14\/les-mollys\/#primaryimage"},"image":{"@id":"https:\/\/www.cetici.com\/teksite\/2011\/01\/14\/les-mollys\/#primaryimage"},"thumbnailUrl":"http:\/\/www.cetici.com\/teksite\/wp-content\/uploads\/2011\/01\/mollys0111.jpg","datePublished":"2011-01-14T05:00:28+00:00","dateModified":"2011-01-14T05:00:28+00:00","author":{"@id":"https:\/\/www.cetici.com\/teksite\/#\/schema\/person\/85710e4126d62ea551450b78a501e927"},"breadcrumb":{"@id":"https:\/\/www.cetici.com\/teksite\/2011\/01\/14\/les-mollys\/#breadcrumb"},"inLanguage":"fr-FR","potentialAction":[{"@type":"ReadAction","target":["https:\/\/www.cetici.com\/teksite\/2011\/01\/14\/les-mollys\/"]}]},{"@type":"ImageObject","inLanguage":"fr-FR","@id":"https:\/\/www.cetici.com\/teksite\/2011\/01\/14\/les-mollys\/#primaryimage","url":"http:\/\/www.cetici.com\/teksite\/wp-content\/uploads\/2011\/01\/mollys0111.jpg","contentUrl":"http:\/\/www.cetici.com\/teksite\/wp-content\/uploads\/2011\/01\/mollys0111.jpg"},{"@type":"BreadcrumbList","@id":"https:\/\/www.cetici.com\/teksite\/2011\/01\/14\/les-mollys\/#breadcrumb","itemListElement":[{"@type":"ListItem","position":1,"name":"Accueil","item":"https:\/\/www.cetici.com\/teksite\/"},{"@type":"ListItem","position":2,"name":"Les MOLLY&#039;S"}]},{"@type":"WebSite","@id":"https:\/\/www.cetici.com\/teksite\/#website","url":"https:\/\/www.cetici.com\/teksite\/","name":"Teksite","description":"","potentialAction":[{"@type":"SearchAction","target":{"@type":"EntryPoint","urlTemplate":"https:\/\/www.cetici.com\/teksite\/?s={search_term_string}"},"query-input":"required name=search_term_string"}],"inLanguage":"fr-FR"},{"@type":"Person","@id":"https:\/\/www.cetici.com\/teksite\/#\/schema\/person\/85710e4126d62ea551450b78a501e927","name":"Teki","image":{"@type":"ImageObject","inLanguage":"fr-FR","@id":"https:\/\/www.cetici.com\/teksite\/#\/schema\/person\/image\/","url":"https:\/\/secure.gravatar.com\/avatar\/1116b06e3b4c2ebfa9701704f7f385d866e18539e9b1dac7191ebd77566e2d2b?s=96&d=https%3A%2F%2Fwww.cetici.com%2Fteksite%2Fwp-content%2Fthemes%2Fspike_old%2Fimages%2Fgravatar.png&r=g","contentUrl":"https:\/\/secure.gravatar.com\/avatar\/1116b06e3b4c2ebfa9701704f7f385d866e18539e9b1dac7191ebd77566e2d2b?s=96&d=https%3A%2F%2Fwww.cetici.com%2Fteksite%2Fwp-content%2Fthemes%2Fspike_old%2Fimages%2Fgravatar.png&r=g","caption":"Teki"},"url":"https:\/\/www.cetici.com\/teksite\/author\/admin\/"}]}},"jetpack_sharing_enabled":true,"jetpack_featured_media_url":"","_links":{"self":[{"href":"https:\/\/www.cetici.com\/teksite\/wp-json\/wp\/v2\/posts\/1215","targetHints":{"allow":["GET"]}}],"collection":[{"href":"https:\/\/www.cetici.com\/teksite\/wp-json\/wp\/v2\/posts"}],"about":[{"href":"https:\/\/www.cetici.com\/teksite\/wp-json\/wp\/v2\/types\/post"}],"author":[{"embeddable":true,"href":"https:\/\/www.cetici.com\/teksite\/wp-json\/wp\/v2\/users\/1"}],"replies":[{"embeddable":true,"href":"https:\/\/www.cetici.com\/teksite\/wp-json\/wp\/v2\/comments?post=1215"}],"version-history":[{"count":0,"href":"https:\/\/www.cetici.com\/teksite\/wp-json\/wp\/v2\/posts\/1215\/revisions"}],"wp:attachment":[{"href":"https:\/\/www.cetici.com\/teksite\/wp-json\/wp\/v2\/media?parent=1215"}],"wp:term":[{"taxonomy":"category","embeddable":true,"href":"https:\/\/www.cetici.com\/teksite\/wp-json\/wp\/v2\/categories?post=1215"},{"taxonomy":"post_tag","embeddable":true,"href":"https:\/\/www.cetici.com\/teksite\/wp-json\/wp\/v2\/tags?post=1215"}],"curies":[{"name":"wp","href":"https:\/\/api.w.org\/{rel}","templated":true}]}}