{"id":1275,"date":"2011-01-27T07:00:01","date_gmt":"2011-01-27T05:00:01","guid":{"rendered":"http:\/\/www.cetici.com\/teksite\/?p=1275"},"modified":"2011-01-27T07:00:01","modified_gmt":"2011-01-27T05:00:01","slug":"apercu-du-jour","status":"publish","type":"post","link":"https:\/\/www.cetici.com\/teksite\/2011\/01\/27\/apercu-du-jour\/","title":{"rendered":"Aper\u00e7u du jour"},"content":{"rendered":"<p style=\"text-align: justify;\">Petite revue de web aujourd&rsquo;hui, avec pour commencer une nouvelle attaque des s\u00e9nateurs fran\u00e7ais contre la dignit\u00e9 humaine.<\/p>\n<p style=\"text-align: justify;\">C&rsquo;\u00e9tait pourtant une proposition consensuelle soutenue par les s\u00e9nateurs Jean-Pierre Godefroy (PS), Alain Fouch\u00e9 (UMP) et Guy Fischer (PCF) pour enfin cr\u00e9er en France le droit de mourir dans la dignit\u00e9. Ce projet se r\u00e9sumait principalement \u00e0 son article premier :<br \/>\n<!--more--><\/p>\n<p style=\"text-align: justify;\"><em>\u00abToute personne capable majeure, en phase avanc\u00e9e ou terminale d\u2019une affection accidentelle ou pathologique grave et incurable, lui infligeant une souffrance physique ou psychique qui ne peut \u00eatre apais\u00e9e ou qu\u2019elle juge insupportable, peut demander \u00e0 b\u00e9n\u00e9ficier [\u2026] d\u2019une assistance m\u00e9dicalis\u00e9e permettant, par un acte d\u00e9lib\u00e9r\u00e9, une mort rapide et sans douleur\u00bb<\/em><\/p>\n<p style=\"text-align: justify;\">Mais ce premier pas vers une loi attendue selon tous les derniers sondages parus sur le sujet a \u00e9t\u00e9 tu\u00e9 apr\u00e8s 4 heures de d\u00e9bat. Mais de quoi ont-ils peur ? Qu&rsquo;on les euthanasie ? C&rsquo;est vrai par moment on se demande si ce ne serait pas une bonne id\u00e9e pour supprimer cette assembl\u00e9e de vieillards, si ce n&rsquo;est dans leur corps, au moins dans leur t\u00eate !<\/p>\n<p style=\"text-align: justify;\">Pour plus d&rsquo;info : <a href=\"http:\/\/www.liberation.fr\/societe\/01012316022-l-euthanasie-ecartee-au-senat-apres-une-nuit-de-debats\" target=\"_blank\">Lib\u00e9ration.fr<\/a>, <a href=\"http:\/\/www.lemonde.fr\/societe\/article\/2011\/01\/26\/la-legalisation-de-l-euthanasie-retoquee-par-le-senat_1470602_3224.html\" target=\"_blank\">Lemonde.fr <\/a>, <a href=\"http:\/\/www.lefigaro.fr\/actualite-france\/2011\/01\/25\/01016-20110125ARTFIG00478-le-texte-sur-l-euthanasie-vide-de-sa-substance.php\" target=\"_blank\">lefigaro.fr<\/a>.<\/p>\n<p style=\"text-align: justify;\">A c\u00f4t\u00e9 de \u00e7a l&rsquo;hebdomadaire satirique <a href=\"http:\/\/www.bakchich.info\/Bakchich-est-mort-vive-Bakchich,12867.html\" target=\"_blank\">Bakchich<\/a> a lui pass\u00e9 l&rsquo;arme \u00e0 gauche.<\/p>\n<p style=\"text-align: justify;\">Mais tout cela n&rsquo;est qu&rsquo;une affaire de business, tout comme cette nouvelle folie (connerie) des cours d&rsquo;\u00e9cole. Les <a href=\"http:\/\/www.rue89.com\/2011\/01\/26\/le-juteux-business-des-bracelets-bandz-star-des-cours-decole-187471\" target=\"_blank\">bracelets \u00ab\u00a0bandz\u00a0\u00bb<\/a> . Il y en avait d&rsquo;ailleurs quelques paquets autour de l&rsquo;arbre de No\u00ebl familial le 25 d\u00e9cembre dernier.<br \/>\nEn moyenne 3 \u20ac le paquet de douze ! Juste des bracelets \u00e9lastique en silicone avec une forme \u00ab\u00a0r\u00e9cr\u00e9ative\u00a0\u00bb, cela fait tout de m\u00eame cher du bracelet \u00e9lastique ! A ce prix la lutte est f\u00e9roce entre les pourvoyeurs et les accusations de contre-fa\u00e7on fleurissent.<\/p>\n<p><center><div id=\"attachment_1276\" style=\"width: 490px\" class=\"wp-caption aligncenter\"><a href=\"https:\/\/www.cetici.com\/teksite\/wp-content\/uploads\/2011\/01\/baleine_bosse11.jpg\"><img loading=\"lazy\" decoding=\"async\" aria-describedby=\"caption-attachment-1276\" src=\"https:\/\/www.cetici.com\/teksite\/wp-content\/uploads\/2011\/01\/baleine_bosse11.jpg\" alt=\"\" title=\"baleine_bosse\" width=\"480\" height=\"162\" class=\"size-full wp-image-1276\" \/><\/a><p id=\"caption-attachment-1276\" class=\"wp-caption-text\">Baleine \u00e0 bosse<\/p><\/div><\/center><\/p>\n<p style=\"text-align: justify;\">Croyez-vous qu&rsquo;il y aurait une baleine dans ces \u00ab\u00a0bandz\u00a0\u00bb ? En tout un <a href=\"http:\/\/www.20minutes.fr\/article\/659380\/planete-avis-recherche-baleine-bosse-nord-pas-de-calais\" target=\"_blank\">avis de recherche<\/a> pour une baleine \u00e0 bosse est lanc\u00e9 dans le nord-pas de calais ou plus exactement au large des plages de la r\u00e9gion, sur la <a href=\"http:\/\/web.mac.com\/OCEAMM\/page10\/page28\/page28.html\" target=\"_blank\">zone  mer du Nord,<\/a> entre Dunkerque et Boulogne-sur-mer. Il est rare que cette esp\u00e8ce descende dans ces contr\u00e9es.<\/p>\n<p style=\"text-align: justify;\">Les nouvelles technologies peuvent apporter beaucoup dans la vie de tous les jours, mais parall\u00e8lement elles engendrent aussi leur propres nuisances que ce soit en terme d&rsquo;environnement ou autres. Il en est ainsi des t\u00e9l\u00e9phones mobiles. Tout cela peut amener certains \u00e0 se poser la question de l&rsquo;utilit\u00e9 de conserver de tels ustensiles. De mon c\u00f4t\u00e9 je ne suis vraiment pas fan de t\u00e9l\u00e9phonie en r\u00e8gle g\u00e9n\u00e9rale et encore moins quand il s&rsquo;agit de t\u00e9l\u00e9phonie mobile, mais malgr\u00e9 tout j&rsquo;en ai un, toujours ferm\u00e9 en r\u00e8gle g\u00e9n\u00e9rale juste pour les cas d&rsquo;urgence .<br \/>\nMais d&rsquo;autres font carr\u00e9ment le choix de s&rsquo;en d\u00e9barrasser compl\u00e8tement comme sebvray nous l&rsquo;explique sur <a href=\"http:\/\/www.rue89.com\/planete89\/2011\/01\/26\/pourquoi-je-me-debarrasse-de-mon-telephone-portable-187428\" target=\"_blank\">rue89<\/a>.<\/p>\n<p style=\"text-align: justify;\">Enfin un billet paru sur le site<a href=\"http:\/\/www.ekologeek.org\/?p=2222\" target=\"_blank\"> Ekolo[geek]<\/a> qui propose r\u00e9guli\u00e8rement des gestes ou actes quotidiens pouvant faire du bien \u00e0 la plan\u00e8te.  Ce billet du 15 janvier dernier concernait la <a href=\"http:\/\/www.ekologeek.org\/?p=2222\" target=\"_blank\">coupe menstruelle<\/a> qui permettrait aux femmes d&rsquo;\u00e9conomisez entre 500 et 1000 euros sur 10 ans, mais surtout 10 \u00e0 20 kg de d\u00e9chets non recyclables. C&rsquo;est un engin que je ne connaissais pas du tout, n&rsquo;ayant jamais rencontr\u00e9 d&rsquo;utilisatrice de ce syst\u00e8me qui serait en fait beaucoup plus pratique et confortable que les protections habituelles. J&rsquo;avoue ne pas avoir d&rsquo;avis sur le sujet mais si c&rsquo;est bon pour la plan\u00e8te \u2026<\/p>\n<p><center><div id=\"attachment_1277\" style=\"width: 490px\" class=\"wp-caption aligncenter\"><a href=\"https:\/\/www.cetici.com\/teksite\/wp-content\/uploads\/2011\/01\/coupe11.jpg\"><img loading=\"lazy\" decoding=\"async\" aria-describedby=\"caption-attachment-1277\" src=\"https:\/\/www.cetici.com\/teksite\/wp-content\/uploads\/2011\/01\/coupe11.jpg\" alt=\"\" title=\"coupe\" width=\"480\" height=\"284\" class=\"size-full wp-image-1277\" \/><\/a><p id=\"caption-attachment-1277\" class=\"wp-caption-text\">coupes menstruelles<\/p><\/div><\/center><\/p>\n<p><script type=\"text\/javascript\"><!--\ngoogle_ad_client = \"ca-pub-0646997598524711\";\n\/* base_article *\/\ngoogle_ad_slot = \"0300797812\";\ngoogle_ad_width = 468;\ngoogle_ad_height = 15;\n\/\/-->\n<\/script><br \/>\n<script type=\"text\/javascript\"\nsrc=\"http:\/\/pagead2.googlesyndication.com\/pagead\/show_ads.js\">\n<\/script><\/p>\n","protected":false},"excerpt":{"rendered":"<p>Petite revue de web aujourd&rsquo;hui, avec pour commencer une nouvelle attaque des s\u00e9nateurs fran\u00e7ais contre la dignit\u00e9 humaine. C&rsquo;\u00e9tait pourtant une proposition consensuelle soutenue par les s\u00e9nateurs Jean-Pierre Godefroy (PS), Alain Fouch\u00e9 (UMP) et Guy Fischer (PCF) pour enfin cr\u00e9er en France le droit de mourir dans la dignit\u00e9. Ce projet se r\u00e9sumait principalement \u00e0 son article premier :<\/p>\n","protected":false},"author":1,"featured_media":0,"comment_status":"open","ping_status":"open","sticky":false,"template":"","format":"standard","meta":{"_jetpack_memberships_contains_paid_content":false,"footnotes":""},"categories":[2,9,12],"tags":[242,243,292,325,415,491],"class_list":["post-1275","post","type-post","status-publish","format-standard","hentry","category-au-jour-le-jour","category-biodiversite","category-developpement-durable","tag-baleine","tag-bandz","tag-coupe","tag-euthanasie","tag-mobile","tag-senat"],"yoast_head":"<!-- This site is optimized with the Yoast SEO plugin v22.8 - https:\/\/yoast.com\/wordpress\/plugins\/seo\/ -->\n<title>Aper\u00e7u du jour - Teksite<\/title>\n<meta name=\"robots\" content=\"index, follow, max-snippet:-1, max-image-preview:large, max-video-preview:-1\" \/>\n<link rel=\"canonical\" href=\"https:\/\/www.cetici.com\/teksite\/2011\/01\/27\/apercu-du-jour\/\" \/>\n<meta property=\"og:locale\" content=\"fr_FR\" \/>\n<meta property=\"og:type\" content=\"article\" \/>\n<meta property=\"og:title\" content=\"Aper\u00e7u du jour - Teksite\" \/>\n<meta property=\"og:description\" content=\"Petite revue de web aujourd&rsquo;hui, avec pour commencer une nouvelle attaque des s\u00e9nateurs fran\u00e7ais contre la dignit\u00e9 humaine. C&rsquo;\u00e9tait pourtant une proposition consensuelle soutenue par les s\u00e9nateurs Jean-Pierre Godefroy (PS), Alain Fouch\u00e9 (UMP) et Guy Fischer (PCF) pour enfin cr\u00e9er en France le droit de mourir dans la dignit\u00e9. Ce projet se r\u00e9sumait principalement \u00e0 son article premier :\" \/>\n<meta property=\"og:url\" content=\"https:\/\/www.cetici.com\/teksite\/2011\/01\/27\/apercu-du-jour\/\" \/>\n<meta property=\"og:site_name\" content=\"Teksite\" \/>\n<meta property=\"article:published_time\" content=\"2011-01-27T05:00:01+00:00\" \/>\n<meta property=\"og:image\" content=\"http:\/\/www.cetici.com\/teksite\/wp-content\/uploads\/2011\/01\/baleine_bosse11.jpg\" \/>\n<meta name=\"author\" content=\"Teki\" \/>\n<meta name=\"twitter:label1\" content=\"\u00c9crit par\" \/>\n\t<meta name=\"twitter:data1\" content=\"Teki\" \/>\n\t<meta name=\"twitter:label2\" content=\"Dur\u00e9e de lecture estim\u00e9e\" \/>\n\t<meta name=\"twitter:data2\" content=\"3 minutes\" \/>\n<script type=\"application\/ld+json\" class=\"yoast-schema-graph\">{\"@context\":\"https:\/\/schema.org\",\"@graph\":[{\"@type\":\"WebPage\",\"@id\":\"https:\/\/www.cetici.com\/teksite\/2011\/01\/27\/apercu-du-jour\/\",\"url\":\"https:\/\/www.cetici.com\/teksite\/2011\/01\/27\/apercu-du-jour\/\",\"name\":\"Aper\u00e7u du jour - Teksite\",\"isPartOf\":{\"@id\":\"https:\/\/www.cetici.com\/teksite\/#website\"},\"primaryImageOfPage\":{\"@id\":\"https:\/\/www.cetici.com\/teksite\/2011\/01\/27\/apercu-du-jour\/#primaryimage\"},\"image\":{\"@id\":\"https:\/\/www.cetici.com\/teksite\/2011\/01\/27\/apercu-du-jour\/#primaryimage\"},\"thumbnailUrl\":\"http:\/\/www.cetici.com\/teksite\/wp-content\/uploads\/2011\/01\/baleine_bosse11.jpg\",\"datePublished\":\"2011-01-27T05:00:01+00:00\",\"dateModified\":\"2011-01-27T05:00:01+00:00\",\"author\":{\"@id\":\"https:\/\/www.cetici.com\/teksite\/#\/schema\/person\/85710e4126d62ea551450b78a501e927\"},\"breadcrumb\":{\"@id\":\"https:\/\/www.cetici.com\/teksite\/2011\/01\/27\/apercu-du-jour\/#breadcrumb\"},\"inLanguage\":\"fr-FR\",\"potentialAction\":[{\"@type\":\"ReadAction\",\"target\":[\"https:\/\/www.cetici.com\/teksite\/2011\/01\/27\/apercu-du-jour\/\"]}]},{\"@type\":\"ImageObject\",\"inLanguage\":\"fr-FR\",\"@id\":\"https:\/\/www.cetici.com\/teksite\/2011\/01\/27\/apercu-du-jour\/#primaryimage\",\"url\":\"http:\/\/www.cetici.com\/teksite\/wp-content\/uploads\/2011\/01\/baleine_bosse11.jpg\",\"contentUrl\":\"http:\/\/www.cetici.com\/teksite\/wp-content\/uploads\/2011\/01\/baleine_bosse11.jpg\"},{\"@type\":\"BreadcrumbList\",\"@id\":\"https:\/\/www.cetici.com\/teksite\/2011\/01\/27\/apercu-du-jour\/#breadcrumb\",\"itemListElement\":[{\"@type\":\"ListItem\",\"position\":1,\"name\":\"Accueil\",\"item\":\"https:\/\/www.cetici.com\/teksite\/\"},{\"@type\":\"ListItem\",\"position\":2,\"name\":\"Aper\u00e7u du jour\"}]},{\"@type\":\"WebSite\",\"@id\":\"https:\/\/www.cetici.com\/teksite\/#website\",\"url\":\"https:\/\/www.cetici.com\/teksite\/\",\"name\":\"Teksite\",\"description\":\"\",\"potentialAction\":[{\"@type\":\"SearchAction\",\"target\":{\"@type\":\"EntryPoint\",\"urlTemplate\":\"https:\/\/www.cetici.com\/teksite\/?s={search_term_string}\"},\"query-input\":\"required name=search_term_string\"}],\"inLanguage\":\"fr-FR\"},{\"@type\":\"Person\",\"@id\":\"https:\/\/www.cetici.com\/teksite\/#\/schema\/person\/85710e4126d62ea551450b78a501e927\",\"name\":\"Teki\",\"image\":{\"@type\":\"ImageObject\",\"inLanguage\":\"fr-FR\",\"@id\":\"https:\/\/www.cetici.com\/teksite\/#\/schema\/person\/image\/\",\"url\":\"https:\/\/secure.gravatar.com\/avatar\/1116b06e3b4c2ebfa9701704f7f385d866e18539e9b1dac7191ebd77566e2d2b?s=96&d=https%3A%2F%2Fwww.cetici.com%2Fteksite%2Fwp-content%2Fthemes%2Fspike_old%2Fimages%2Fgravatar.png&r=g\",\"contentUrl\":\"https:\/\/secure.gravatar.com\/avatar\/1116b06e3b4c2ebfa9701704f7f385d866e18539e9b1dac7191ebd77566e2d2b?s=96&d=https%3A%2F%2Fwww.cetici.com%2Fteksite%2Fwp-content%2Fthemes%2Fspike_old%2Fimages%2Fgravatar.png&r=g\",\"caption\":\"Teki\"},\"url\":\"https:\/\/www.cetici.com\/teksite\/author\/admin\/\"}]}<\/script>\n<!-- \/ Yoast SEO plugin. -->","yoast_head_json":{"title":"Aper\u00e7u du jour - Teksite","robots":{"index":"index","follow":"follow","max-snippet":"max-snippet:-1","max-image-preview":"max-image-preview:large","max-video-preview":"max-video-preview:-1"},"canonical":"https:\/\/www.cetici.com\/teksite\/2011\/01\/27\/apercu-du-jour\/","og_locale":"fr_FR","og_type":"article","og_title":"Aper\u00e7u du jour - Teksite","og_description":"Petite revue de web aujourd&rsquo;hui, avec pour commencer une nouvelle attaque des s\u00e9nateurs fran\u00e7ais contre la dignit\u00e9 humaine. C&rsquo;\u00e9tait pourtant une proposition consensuelle soutenue par les s\u00e9nateurs Jean-Pierre Godefroy (PS), Alain Fouch\u00e9 (UMP) et Guy Fischer (PCF) pour enfin cr\u00e9er en France le droit de mourir dans la dignit\u00e9. Ce projet se r\u00e9sumait principalement \u00e0 son article premier :","og_url":"https:\/\/www.cetici.com\/teksite\/2011\/01\/27\/apercu-du-jour\/","og_site_name":"Teksite","article_published_time":"2011-01-27T05:00:01+00:00","og_image":[{"url":"http:\/\/www.cetici.com\/teksite\/wp-content\/uploads\/2011\/01\/baleine_bosse11.jpg"}],"author":"Teki","twitter_misc":{"\u00c9crit par":"Teki","Dur\u00e9e de lecture estim\u00e9e":"3 minutes"},"schema":{"@context":"https:\/\/schema.org","@graph":[{"@type":"WebPage","@id":"https:\/\/www.cetici.com\/teksite\/2011\/01\/27\/apercu-du-jour\/","url":"https:\/\/www.cetici.com\/teksite\/2011\/01\/27\/apercu-du-jour\/","name":"Aper\u00e7u du jour - Teksite","isPartOf":{"@id":"https:\/\/www.cetici.com\/teksite\/#website"},"primaryImageOfPage":{"@id":"https:\/\/www.cetici.com\/teksite\/2011\/01\/27\/apercu-du-jour\/#primaryimage"},"image":{"@id":"https:\/\/www.cetici.com\/teksite\/2011\/01\/27\/apercu-du-jour\/#primaryimage"},"thumbnailUrl":"http:\/\/www.cetici.com\/teksite\/wp-content\/uploads\/2011\/01\/baleine_bosse11.jpg","datePublished":"2011-01-27T05:00:01+00:00","dateModified":"2011-01-27T05:00:01+00:00","author":{"@id":"https:\/\/www.cetici.com\/teksite\/#\/schema\/person\/85710e4126d62ea551450b78a501e927"},"breadcrumb":{"@id":"https:\/\/www.cetici.com\/teksite\/2011\/01\/27\/apercu-du-jour\/#breadcrumb"},"inLanguage":"fr-FR","potentialAction":[{"@type":"ReadAction","target":["https:\/\/www.cetici.com\/teksite\/2011\/01\/27\/apercu-du-jour\/"]}]},{"@type":"ImageObject","inLanguage":"fr-FR","@id":"https:\/\/www.cetici.com\/teksite\/2011\/01\/27\/apercu-du-jour\/#primaryimage","url":"http:\/\/www.cetici.com\/teksite\/wp-content\/uploads\/2011\/01\/baleine_bosse11.jpg","contentUrl":"http:\/\/www.cetici.com\/teksite\/wp-content\/uploads\/2011\/01\/baleine_bosse11.jpg"},{"@type":"BreadcrumbList","@id":"https:\/\/www.cetici.com\/teksite\/2011\/01\/27\/apercu-du-jour\/#breadcrumb","itemListElement":[{"@type":"ListItem","position":1,"name":"Accueil","item":"https:\/\/www.cetici.com\/teksite\/"},{"@type":"ListItem","position":2,"name":"Aper\u00e7u du jour"}]},{"@type":"WebSite","@id":"https:\/\/www.cetici.com\/teksite\/#website","url":"https:\/\/www.cetici.com\/teksite\/","name":"Teksite","description":"","potentialAction":[{"@type":"SearchAction","target":{"@type":"EntryPoint","urlTemplate":"https:\/\/www.cetici.com\/teksite\/?s={search_term_string}"},"query-input":"required name=search_term_string"}],"inLanguage":"fr-FR"},{"@type":"Person","@id":"https:\/\/www.cetici.com\/teksite\/#\/schema\/person\/85710e4126d62ea551450b78a501e927","name":"Teki","image":{"@type":"ImageObject","inLanguage":"fr-FR","@id":"https:\/\/www.cetici.com\/teksite\/#\/schema\/person\/image\/","url":"https:\/\/secure.gravatar.com\/avatar\/1116b06e3b4c2ebfa9701704f7f385d866e18539e9b1dac7191ebd77566e2d2b?s=96&d=https%3A%2F%2Fwww.cetici.com%2Fteksite%2Fwp-content%2Fthemes%2Fspike_old%2Fimages%2Fgravatar.png&r=g","contentUrl":"https:\/\/secure.gravatar.com\/avatar\/1116b06e3b4c2ebfa9701704f7f385d866e18539e9b1dac7191ebd77566e2d2b?s=96&d=https%3A%2F%2Fwww.cetici.com%2Fteksite%2Fwp-content%2Fthemes%2Fspike_old%2Fimages%2Fgravatar.png&r=g","caption":"Teki"},"url":"https:\/\/www.cetici.com\/teksite\/author\/admin\/"}]}},"jetpack_sharing_enabled":true,"jetpack_featured_media_url":"","_links":{"self":[{"href":"https:\/\/www.cetici.com\/teksite\/wp-json\/wp\/v2\/posts\/1275","targetHints":{"allow":["GET"]}}],"collection":[{"href":"https:\/\/www.cetici.com\/teksite\/wp-json\/wp\/v2\/posts"}],"about":[{"href":"https:\/\/www.cetici.com\/teksite\/wp-json\/wp\/v2\/types\/post"}],"author":[{"embeddable":true,"href":"https:\/\/www.cetici.com\/teksite\/wp-json\/wp\/v2\/users\/1"}],"replies":[{"embeddable":true,"href":"https:\/\/www.cetici.com\/teksite\/wp-json\/wp\/v2\/comments?post=1275"}],"version-history":[{"count":0,"href":"https:\/\/www.cetici.com\/teksite\/wp-json\/wp\/v2\/posts\/1275\/revisions"}],"wp:attachment":[{"href":"https:\/\/www.cetici.com\/teksite\/wp-json\/wp\/v2\/media?parent=1275"}],"wp:term":[{"taxonomy":"category","embeddable":true,"href":"https:\/\/www.cetici.com\/teksite\/wp-json\/wp\/v2\/categories?post=1275"},{"taxonomy":"post_tag","embeddable":true,"href":"https:\/\/www.cetici.com\/teksite\/wp-json\/wp\/v2\/tags?post=1275"}],"curies":[{"name":"wp","href":"https:\/\/api.w.org\/{rel}","templated":true}]}}