{"id":1437,"date":"2011-03-21T11:10:52","date_gmt":"2011-03-21T09:10:52","guid":{"rendered":"http:\/\/www.cetici.com\/teksite\/?p=1437"},"modified":"2011-03-21T11:10:52","modified_gmt":"2011-03-21T09:10:52","slug":"les-femmes-du-6eme","status":"publish","type":"post","link":"https:\/\/www.cetici.com\/teksite\/2011\/03\/21\/les-femmes-du-6eme\/","title":{"rendered":"Les Femmes du 6\u00e9me"},"content":{"rendered":"<p style=\"text-align: justify;\">Il faut voir \u00ab\u00a0Les Femmes du 6\u00e8me\u00a0\u00bb (en fait j&rsquo;ai souvent entendu \u00ab\u00a0Six Femmes\u00a0\u00bb), c&rsquo;\u00e9tait une vrai rengaine ces deniers temps, alors je suis venu, j&rsquo;ai vu mais n&rsquo;ai pas \u00e9t\u00e9 convaincu. Certes c&rsquo;est un film agr\u00e9able, charmant, mais sans grande prise de risque. Le sc\u00e9nario de cette com\u00e9die gentillette est connu d&rsquo;avance, tr\u00e8s vite on connait la fin. Heureusement donc que ce n&rsquo;est pas un polar !<\/p>\n<p style=\"text-align: justify;\">&nbsp;<\/p>\n<p style=\"text-align: center;\"><a href=\"https:\/\/www.cetici.com\/teksite\/wp-content\/uploads\/2011\/03\/6femmesaffiche.jpg\"><img loading=\"lazy\" decoding=\"async\" class=\"aligncenter size-full wp-image-1438\" title=\"6femmesaffiche\" src=\"https:\/\/www.cetici.com\/teksite\/wp-content\/uploads\/2011\/03\/6femmesaffiche.jpg\" alt=\"\" width=\"380\" height=\"507\" \/><\/a><\/p>\n<p style=\"text-align: justify;\"><strong><!--more-->Le Synopsis<\/strong> : Paris, ann\u00e9es 60. Jean-Louis Joubert, agent de change rigoureux et p\u00e8re de famille \u00abcoinc\u00e9\u00bb, d\u00e9couvre qu\u2019une joyeuse cohorte de bonnes espagnoles vit&#8230; au sixi\u00e8me \u00e9tage de son immeuble bourgeois. \u2028Maria, la jeune femme qui travaille sous son toit, lui fait d\u00e9couvrir un univers exub\u00e9rant et folklorique \u00e0 l\u2019oppos\u00e9 des mani\u00e8res et de l\u2019aust\u00e9rit\u00e9 de son milieu. Touch\u00e9 par ces femmes pleines de vie, il se laisse aller et go\u00fbte avec \u00e9motion aux plaisirs simples pour la premi\u00e8re fois. Mais peut-on vraiment changer de vie \u00e0 45 ans ?<\/p>\n<p style=\"text-align: justify;\">C&rsquo;est sans doute le genre de film que chacun a besoin de voir en ce moment car il fait rire, il est rassurant sur la vie, montre que rien n&rsquo;est fig\u00e9. Il faut prendre en main sa vie, son destin et  pour trouver le vrai le bonheur il faut \u00eatre ouvert aux autres. Malgr\u00e9 tout ces bons sentiments ou plut\u00f4t \u00e0 cause de tous ces bons sentiments, il en r\u00e9sulte un film aseptis\u00e9 mais avec un peu de charme, probablement parce qu&rsquo;il nous emm\u00e8ne au temps du plein boom \u00e9conomique, en 1962. A un moment du si\u00e8cle dernier o\u00f9 on avait l&rsquo;impression que l&rsquo;avenir serait radieux,on sait ce qu&rsquo;il en est aujourd&rsquo;hui.<\/p>\n<p style=\"text-align: justify;\">Alors oui regardez \u00ab\u00a0Les Femmes du 6\u00e8me\u00a0\u00bb, vous passerez un moment agr\u00e9able mais vous l&rsquo;aurez vite oubli\u00e9 aussi.<\/p>\n<p style=\"text-align: justify;\">C\u00f4t\u00e9 acteurs, en regardant ce film ma premi\u00e8re impression a \u00e9t\u00e9 de voir un film d&rsquo;il y a trente ou quarante ans avec dans le r\u00f4le principal Michel Serrault. C&rsquo;est bizarre mais c&rsquo;est l&rsquo;impression qui m&rsquo;est venu tout de suite \u00e0 l&rsquo;esprit. Alors un film \u00e0 la Serreau pour Luchini ? Un film pour nous montrer un Luchini diff\u00e9rent, plus po\u00e8te, plus boh\u00e8me, m\u00eame s&rsquo;il est agent de change. Pour nous faire oublier le Luchini habituel, plein d&rsquo;une suffisance toute Luchinienne, celui qu&rsquo;on aime ou qu&rsquo;on d\u00e9teste. J&rsquo;avoue n&rsquo;avoir pas \u00e9t\u00e9 convaincu par le prestation g\u00e9n\u00e9rale de Luchini qui appara\u00eet plut\u00f4t comme un niais, un ben\u00eat. Je suis plut\u00f4t adepte du Luchini tout en couleur !<\/p>\n<p style=\"text-align: justify;\">C\u00f4t\u00e9 femme Sandrine Kiberlain est excellente en ex-provinciale peu sur d\u2019elle et coinc\u00e9e. Quand aux femmes du sixi\u00e8me elles semblent plus vrai que nature. Carmen Maura et Lola Due\u00f1as venues tout droit de  chez Almodovar sont r\u00e9jouissantes. Un peu moins convaincu par contre par Natalia Verbeke (Maria).<\/p>\n<p style=\"text-align: justify;\">Enfin un grand soulagement concernant les deux enfants, heureusement que leurs apparitions sont r\u00e9duites au minimum ! Et encore on ne les voit que trop ! Comment peut-on prendre ces deux gamins nuls \u00e0 mourir quand il y a autant de jeunes talents qui frappent \u00e0 la porte des studios !<\/p>\n<p style=\"text-align: justify;\">&nbsp;<\/p>\n<p style=\"text-align: center;\"><a href=\"https:\/\/www.cetici.com\/teksite\/wp-content\/uploads\/2011\/03\/6femmes01.jpg\"><img loading=\"lazy\" decoding=\"async\" class=\"aligncenter size-full wp-image-1439\" title=\"6femmes01\" src=\"https:\/\/www.cetici.com\/teksite\/wp-content\/uploads\/2011\/03\/6femmes01.jpg\" alt=\"\" width=\"560\" height=\"372\" \/><\/a><\/p>\n<p style=\"text-align: center;\">&nbsp;<\/p>\n<p style=\"text-align: center;\"><a href=\"https:\/\/www.cetici.com\/teksite\/wp-content\/uploads\/2011\/03\/6femmes02.jpg\"><img loading=\"lazy\" decoding=\"async\" class=\"aligncenter size-full wp-image-1440\" title=\"6femmes02\" src=\"https:\/\/www.cetici.com\/teksite\/wp-content\/uploads\/2011\/03\/6femmes02.jpg\" alt=\"\" width=\"560\" height=\"373\" \/><\/a><\/p>\n<p style=\"text-align: center;\">&nbsp;<\/p>\n<p style=\"text-align: center;\"><a href=\"https:\/\/www.cetici.com\/teksite\/wp-content\/uploads\/2011\/03\/6femmes03.jpg\"><img loading=\"lazy\" decoding=\"async\" class=\"aligncenter size-full wp-image-1441\" title=\"6femmes03\" src=\"https:\/\/www.cetici.com\/teksite\/wp-content\/uploads\/2011\/03\/6femmes03.jpg\" alt=\"\" width=\"560\" height=\"331\" \/><\/a><\/p>\n<p style=\"text-align: center;\">&nbsp;<\/p>\n<p style=\"text-align: justify;\">Pour la petite histoire, Philippe Le Guay pour \u00e9crire le sc\u00e9nario s&rsquo;est beaucoup inspir\u00e9 de sa propre enfance. Un p\u00e8re agent de change et une bonne espagnole \u00e0 la maison qui jouait aussi le r\u00f4le de nounou.<\/p>\n<p style=\"text-align: justify;\">Jean-Louis Joubert, le personnage de Fabrice Luchini, s&rsquo;av\u00e8re \u00eatre un tr\u00e8s mauvais danseur dans la sc\u00e8ne de la petite f\u00eate au sixi\u00e8me \u00e9tage. Tout l&rsquo;inverse du vrai Fabrice Luchini qui est en r\u00e9alit\u00e9 un tr\u00e8s bon danseur. L&rsquo;on peut admirer le r\u00f4le de composition car quand on est plus ou moins expert dans un domaine, il et tr\u00e8s difficile de jouer le r\u00f4le du d\u00e9butant.<\/p>\n<p style=\"text-align: justify;\">Comme souvent quand un acteur, un chanteur ne connait pas la langue c&rsquo;est en apprenant le r\u00f4le phon\u00e9tiquement qu&rsquo;il s&rsquo;en sort. Ce qui fut non seulement le cas de Fabrice Luchini qui ne parle pas espagnol, mais aussi celui des actrices espagnoles Berta Ojea et Concha Gal\u00e1n ne parlaient pas fran\u00e7ais et ont donc \u00e9galement appris leur r\u00f4le phon\u00e9tiquement.<\/p>\n<p style=\"text-align: justify;\"><strong>R\u00e9alisateur : <\/strong>Philippe Le Guay<\/p>\n<p style=\"text-align: justify;\"><strong>Acteurs :<\/strong><\/p>\n<p style=\"text-align: justify;\">Fabrice Luchini : Jean-Louis Joubert<br \/>\nSandrine Kiberlain : Suzanne Joubert<br \/>\nNatalia Verbeke : Maria<br \/>\nCarmen Maura : Concepcion<br \/>\nLola Due\u00f1as : Carmen<br \/>\nBerta Ojea : Dolores<br \/>\nNuria Sol\u00e9 : Teresa<br \/>\nConcha Gal\u00e1n  : Pilar<\/p>\n<p style=\"text-align: justify;\"><strong>La Bande Annonce<\/strong><\/p>\n<p style=\"text-align: center;\">&nbsp;<\/p>\n<p style=\"text-align: center;\"><iframe loading=\"lazy\" title=\"YouTube video player\" width=\"560\" height=\"349\" src=\"http:\/\/www.youtube.com\/embed\/jp4eSv6gcMo\" frameborder=\"0\" allowfullscreen><\/iframe>\n<\/p>\n<p style=\"text-align: justify;\">Le Site <a href=\"http:\/\/www.snd-films.com\/\" target=\"_blank\">SND-Films<\/a><\/p>\n<p><script type=\"text\/javascript\"><!--\ngoogle_ad_client = \"ca-pub-0646997598524711\";\n\/* base_article *\/\ngoogle_ad_slot = \"0300797812\";\ngoogle_ad_width = 468;\ngoogle_ad_height = 15;\n\/\/-->\n<\/script><br \/>\n<script type=\"text\/javascript\"\nsrc=\"http:\/\/pagead2.googlesyndication.com\/pagead\/show_ads.js\">\n<\/script><\/p>\n","protected":false},"excerpt":{"rendered":"<p>Il faut voir \u00ab\u00a0Les Femmes du 6\u00e8me\u00a0\u00bb (en fait j&rsquo;ai souvent entendu \u00ab\u00a0Six Femmes\u00a0\u00bb), c&rsquo;\u00e9tait une vrai rengaine ces deniers temps, alors je suis venu, j&rsquo;ai vu mais n&rsquo;ai pas \u00e9t\u00e9 convaincu. Certes c&rsquo;est un film agr\u00e9able, charmant, mais sans grande prise de risque. Le sc\u00e9nario de cette com\u00e9die gentillette est connu d&rsquo;avance, tr\u00e8s vite on connait la fin. Heureusement donc que ce n&rsquo;est pas un polar ! &nbsp;<\/p>\n","protected":false},"author":1,"featured_media":0,"comment_status":"open","ping_status":"open","sticky":false,"template":"","format":"standard","meta":{"_jetpack_memberships_contains_paid_content":false,"footnotes":""},"categories":[10,7],"tags":[80,84,400],"class_list":["post-1437","post","type-post","status-publish","format-standard","hentry","category-cinema","category-sorties","tag-femme","tag-film","tag-luchini"],"yoast_head":"<!-- This site is optimized with the Yoast SEO plugin v22.8 - https:\/\/yoast.com\/wordpress\/plugins\/seo\/ -->\n<title>Les Femmes du 6\u00e9me - Teksite<\/title>\n<meta name=\"robots\" content=\"index, follow, max-snippet:-1, max-image-preview:large, max-video-preview:-1\" \/>\n<link rel=\"canonical\" href=\"https:\/\/www.cetici.com\/teksite\/2011\/03\/21\/les-femmes-du-6eme\/\" \/>\n<meta property=\"og:locale\" content=\"fr_FR\" \/>\n<meta property=\"og:type\" content=\"article\" \/>\n<meta property=\"og:title\" content=\"Les Femmes du 6\u00e9me - Teksite\" \/>\n<meta property=\"og:description\" content=\"Il faut voir \u00ab\u00a0Les Femmes du 6\u00e8me\u00a0\u00bb (en fait j&rsquo;ai souvent entendu \u00ab\u00a0Six Femmes\u00a0\u00bb), c&rsquo;\u00e9tait une vrai rengaine ces deniers temps, alors je suis venu, j&rsquo;ai vu mais n&rsquo;ai pas \u00e9t\u00e9 convaincu. Certes c&rsquo;est un film agr\u00e9able, charmant, mais sans grande prise de risque. Le sc\u00e9nario de cette com\u00e9die gentillette est connu d&rsquo;avance, tr\u00e8s vite on connait la fin. Heureusement donc que ce n&rsquo;est pas un polar ! &nbsp;\" \/>\n<meta property=\"og:url\" content=\"https:\/\/www.cetici.com\/teksite\/2011\/03\/21\/les-femmes-du-6eme\/\" \/>\n<meta property=\"og:site_name\" content=\"Teksite\" \/>\n<meta property=\"article:published_time\" content=\"2011-03-21T09:10:52+00:00\" \/>\n<meta property=\"og:image\" content=\"http:\/\/www.cetici.com\/teksite\/wp-content\/uploads\/2011\/03\/6femmesaffiche.jpg\" \/>\n<meta name=\"author\" content=\"Teki\" \/>\n<meta name=\"twitter:label1\" content=\"\u00c9crit par\" \/>\n\t<meta name=\"twitter:data1\" content=\"Teki\" \/>\n\t<meta name=\"twitter:label2\" content=\"Dur\u00e9e de lecture estim\u00e9e\" \/>\n\t<meta name=\"twitter:data2\" content=\"4 minutes\" \/>\n<script type=\"application\/ld+json\" class=\"yoast-schema-graph\">{\"@context\":\"https:\/\/schema.org\",\"@graph\":[{\"@type\":\"WebPage\",\"@id\":\"https:\/\/www.cetici.com\/teksite\/2011\/03\/21\/les-femmes-du-6eme\/\",\"url\":\"https:\/\/www.cetici.com\/teksite\/2011\/03\/21\/les-femmes-du-6eme\/\",\"name\":\"Les Femmes du 6\u00e9me - Teksite\",\"isPartOf\":{\"@id\":\"https:\/\/www.cetici.com\/teksite\/#website\"},\"primaryImageOfPage\":{\"@id\":\"https:\/\/www.cetici.com\/teksite\/2011\/03\/21\/les-femmes-du-6eme\/#primaryimage\"},\"image\":{\"@id\":\"https:\/\/www.cetici.com\/teksite\/2011\/03\/21\/les-femmes-du-6eme\/#primaryimage\"},\"thumbnailUrl\":\"http:\/\/www.cetici.com\/teksite\/wp-content\/uploads\/2011\/03\/6femmesaffiche.jpg\",\"datePublished\":\"2011-03-21T09:10:52+00:00\",\"dateModified\":\"2011-03-21T09:10:52+00:00\",\"author\":{\"@id\":\"https:\/\/www.cetici.com\/teksite\/#\/schema\/person\/85710e4126d62ea551450b78a501e927\"},\"breadcrumb\":{\"@id\":\"https:\/\/www.cetici.com\/teksite\/2011\/03\/21\/les-femmes-du-6eme\/#breadcrumb\"},\"inLanguage\":\"fr-FR\",\"potentialAction\":[{\"@type\":\"ReadAction\",\"target\":[\"https:\/\/www.cetici.com\/teksite\/2011\/03\/21\/les-femmes-du-6eme\/\"]}]},{\"@type\":\"ImageObject\",\"inLanguage\":\"fr-FR\",\"@id\":\"https:\/\/www.cetici.com\/teksite\/2011\/03\/21\/les-femmes-du-6eme\/#primaryimage\",\"url\":\"http:\/\/www.cetici.com\/teksite\/wp-content\/uploads\/2011\/03\/6femmesaffiche.jpg\",\"contentUrl\":\"http:\/\/www.cetici.com\/teksite\/wp-content\/uploads\/2011\/03\/6femmesaffiche.jpg\"},{\"@type\":\"BreadcrumbList\",\"@id\":\"https:\/\/www.cetici.com\/teksite\/2011\/03\/21\/les-femmes-du-6eme\/#breadcrumb\",\"itemListElement\":[{\"@type\":\"ListItem\",\"position\":1,\"name\":\"Accueil\",\"item\":\"https:\/\/www.cetici.com\/teksite\/\"},{\"@type\":\"ListItem\",\"position\":2,\"name\":\"Les Femmes du 6\u00e9me\"}]},{\"@type\":\"WebSite\",\"@id\":\"https:\/\/www.cetici.com\/teksite\/#website\",\"url\":\"https:\/\/www.cetici.com\/teksite\/\",\"name\":\"Teksite\",\"description\":\"\",\"potentialAction\":[{\"@type\":\"SearchAction\",\"target\":{\"@type\":\"EntryPoint\",\"urlTemplate\":\"https:\/\/www.cetici.com\/teksite\/?s={search_term_string}\"},\"query-input\":\"required name=search_term_string\"}],\"inLanguage\":\"fr-FR\"},{\"@type\":\"Person\",\"@id\":\"https:\/\/www.cetici.com\/teksite\/#\/schema\/person\/85710e4126d62ea551450b78a501e927\",\"name\":\"Teki\",\"image\":{\"@type\":\"ImageObject\",\"inLanguage\":\"fr-FR\",\"@id\":\"https:\/\/www.cetici.com\/teksite\/#\/schema\/person\/image\/\",\"url\":\"https:\/\/secure.gravatar.com\/avatar\/1116b06e3b4c2ebfa9701704f7f385d866e18539e9b1dac7191ebd77566e2d2b?s=96&d=https%3A%2F%2Fwww.cetici.com%2Fteksite%2Fwp-content%2Fthemes%2Fspike_old%2Fimages%2Fgravatar.png&r=g\",\"contentUrl\":\"https:\/\/secure.gravatar.com\/avatar\/1116b06e3b4c2ebfa9701704f7f385d866e18539e9b1dac7191ebd77566e2d2b?s=96&d=https%3A%2F%2Fwww.cetici.com%2Fteksite%2Fwp-content%2Fthemes%2Fspike_old%2Fimages%2Fgravatar.png&r=g\",\"caption\":\"Teki\"},\"url\":\"https:\/\/www.cetici.com\/teksite\/author\/admin\/\"}]}<\/script>\n<!-- \/ Yoast SEO plugin. -->","yoast_head_json":{"title":"Les Femmes du 6\u00e9me - Teksite","robots":{"index":"index","follow":"follow","max-snippet":"max-snippet:-1","max-image-preview":"max-image-preview:large","max-video-preview":"max-video-preview:-1"},"canonical":"https:\/\/www.cetici.com\/teksite\/2011\/03\/21\/les-femmes-du-6eme\/","og_locale":"fr_FR","og_type":"article","og_title":"Les Femmes du 6\u00e9me - Teksite","og_description":"Il faut voir \u00ab\u00a0Les Femmes du 6\u00e8me\u00a0\u00bb (en fait j&rsquo;ai souvent entendu \u00ab\u00a0Six Femmes\u00a0\u00bb), c&rsquo;\u00e9tait une vrai rengaine ces deniers temps, alors je suis venu, j&rsquo;ai vu mais n&rsquo;ai pas \u00e9t\u00e9 convaincu. Certes c&rsquo;est un film agr\u00e9able, charmant, mais sans grande prise de risque. Le sc\u00e9nario de cette com\u00e9die gentillette est connu d&rsquo;avance, tr\u00e8s vite on connait la fin. Heureusement donc que ce n&rsquo;est pas un polar ! &nbsp;","og_url":"https:\/\/www.cetici.com\/teksite\/2011\/03\/21\/les-femmes-du-6eme\/","og_site_name":"Teksite","article_published_time":"2011-03-21T09:10:52+00:00","og_image":[{"url":"http:\/\/www.cetici.com\/teksite\/wp-content\/uploads\/2011\/03\/6femmesaffiche.jpg"}],"author":"Teki","twitter_misc":{"\u00c9crit par":"Teki","Dur\u00e9e de lecture estim\u00e9e":"4 minutes"},"schema":{"@context":"https:\/\/schema.org","@graph":[{"@type":"WebPage","@id":"https:\/\/www.cetici.com\/teksite\/2011\/03\/21\/les-femmes-du-6eme\/","url":"https:\/\/www.cetici.com\/teksite\/2011\/03\/21\/les-femmes-du-6eme\/","name":"Les Femmes du 6\u00e9me - Teksite","isPartOf":{"@id":"https:\/\/www.cetici.com\/teksite\/#website"},"primaryImageOfPage":{"@id":"https:\/\/www.cetici.com\/teksite\/2011\/03\/21\/les-femmes-du-6eme\/#primaryimage"},"image":{"@id":"https:\/\/www.cetici.com\/teksite\/2011\/03\/21\/les-femmes-du-6eme\/#primaryimage"},"thumbnailUrl":"http:\/\/www.cetici.com\/teksite\/wp-content\/uploads\/2011\/03\/6femmesaffiche.jpg","datePublished":"2011-03-21T09:10:52+00:00","dateModified":"2011-03-21T09:10:52+00:00","author":{"@id":"https:\/\/www.cetici.com\/teksite\/#\/schema\/person\/85710e4126d62ea551450b78a501e927"},"breadcrumb":{"@id":"https:\/\/www.cetici.com\/teksite\/2011\/03\/21\/les-femmes-du-6eme\/#breadcrumb"},"inLanguage":"fr-FR","potentialAction":[{"@type":"ReadAction","target":["https:\/\/www.cetici.com\/teksite\/2011\/03\/21\/les-femmes-du-6eme\/"]}]},{"@type":"ImageObject","inLanguage":"fr-FR","@id":"https:\/\/www.cetici.com\/teksite\/2011\/03\/21\/les-femmes-du-6eme\/#primaryimage","url":"http:\/\/www.cetici.com\/teksite\/wp-content\/uploads\/2011\/03\/6femmesaffiche.jpg","contentUrl":"http:\/\/www.cetici.com\/teksite\/wp-content\/uploads\/2011\/03\/6femmesaffiche.jpg"},{"@type":"BreadcrumbList","@id":"https:\/\/www.cetici.com\/teksite\/2011\/03\/21\/les-femmes-du-6eme\/#breadcrumb","itemListElement":[{"@type":"ListItem","position":1,"name":"Accueil","item":"https:\/\/www.cetici.com\/teksite\/"},{"@type":"ListItem","position":2,"name":"Les Femmes du 6\u00e9me"}]},{"@type":"WebSite","@id":"https:\/\/www.cetici.com\/teksite\/#website","url":"https:\/\/www.cetici.com\/teksite\/","name":"Teksite","description":"","potentialAction":[{"@type":"SearchAction","target":{"@type":"EntryPoint","urlTemplate":"https:\/\/www.cetici.com\/teksite\/?s={search_term_string}"},"query-input":"required name=search_term_string"}],"inLanguage":"fr-FR"},{"@type":"Person","@id":"https:\/\/www.cetici.com\/teksite\/#\/schema\/person\/85710e4126d62ea551450b78a501e927","name":"Teki","image":{"@type":"ImageObject","inLanguage":"fr-FR","@id":"https:\/\/www.cetici.com\/teksite\/#\/schema\/person\/image\/","url":"https:\/\/secure.gravatar.com\/avatar\/1116b06e3b4c2ebfa9701704f7f385d866e18539e9b1dac7191ebd77566e2d2b?s=96&d=https%3A%2F%2Fwww.cetici.com%2Fteksite%2Fwp-content%2Fthemes%2Fspike_old%2Fimages%2Fgravatar.png&r=g","contentUrl":"https:\/\/secure.gravatar.com\/avatar\/1116b06e3b4c2ebfa9701704f7f385d866e18539e9b1dac7191ebd77566e2d2b?s=96&d=https%3A%2F%2Fwww.cetici.com%2Fteksite%2Fwp-content%2Fthemes%2Fspike_old%2Fimages%2Fgravatar.png&r=g","caption":"Teki"},"url":"https:\/\/www.cetici.com\/teksite\/author\/admin\/"}]}},"jetpack_sharing_enabled":true,"jetpack_featured_media_url":"","_links":{"self":[{"href":"https:\/\/www.cetici.com\/teksite\/wp-json\/wp\/v2\/posts\/1437","targetHints":{"allow":["GET"]}}],"collection":[{"href":"https:\/\/www.cetici.com\/teksite\/wp-json\/wp\/v2\/posts"}],"about":[{"href":"https:\/\/www.cetici.com\/teksite\/wp-json\/wp\/v2\/types\/post"}],"author":[{"embeddable":true,"href":"https:\/\/www.cetici.com\/teksite\/wp-json\/wp\/v2\/users\/1"}],"replies":[{"embeddable":true,"href":"https:\/\/www.cetici.com\/teksite\/wp-json\/wp\/v2\/comments?post=1437"}],"version-history":[{"count":0,"href":"https:\/\/www.cetici.com\/teksite\/wp-json\/wp\/v2\/posts\/1437\/revisions"}],"wp:attachment":[{"href":"https:\/\/www.cetici.com\/teksite\/wp-json\/wp\/v2\/media?parent=1437"}],"wp:term":[{"taxonomy":"category","embeddable":true,"href":"https:\/\/www.cetici.com\/teksite\/wp-json\/wp\/v2\/categories?post=1437"},{"taxonomy":"post_tag","embeddable":true,"href":"https:\/\/www.cetici.com\/teksite\/wp-json\/wp\/v2\/tags?post=1437"}],"curies":[{"name":"wp","href":"https:\/\/api.w.org\/{rel}","templated":true}]}}