{"id":1449,"date":"2011-03-24T07:00:28","date_gmt":"2011-03-24T05:00:28","guid":{"rendered":"http:\/\/www.cetici.com\/teksite\/?p=1449"},"modified":"2014-03-20T21:58:57","modified_gmt":"2014-03-20T20:58:57","slug":"salon-ambre-matilde-asensi","status":"publish","type":"post","link":"https:\/\/www.cetici.com\/teksite\/2011\/03\/24\/salon-ambre-matilde-asensi\/","title":{"rendered":"Le Salon d&rsquo;Ambre &#8211; Matilde Asensi"},"content":{"rendered":"<p style=\"text-align: justify;\">Petite balade l&rsquo;autre dimanche au march\u00e9 de Wazemmes. Pour ceux qui ne connaissent pas, c&rsquo;est un march\u00e9 plut\u00f4t r\u00e9put\u00e9  et tr\u00e8s pris\u00e9 des touristes anglais. Situ\u00e9 dans le quartier populaire lillois tr\u00e8s bigarr\u00e9 de Wazemmes, qui depuis quelques ann\u00e9es attire aussi les bo-bos, il se tient autour des halles du m\u00eame nom.<\/p>\n<p style=\"text-align: center;\"><a href=\"https:\/\/www.cetici.com\/teksite\/wp-content\/uploads\/2011\/03\/salonasensi.jpg\"><img loading=\"lazy\" decoding=\"async\" class=\"aligncenter size-full wp-image-1450\" title=\"salonasensi\" src=\"https:\/\/www.cetici.com\/teksite\/wp-content\/uploads\/2011\/03\/salonasensi.jpg\" alt=\"\" width=\"300\" height=\"497\" \/><\/a><\/p>\n<p style=\"text-align: justify;\"><!--more-->Ce march\u00e9 se tient trois fois par semaine, et le dimanche brocanteurs et vendeurs de livres d&rsquo;occasion y rejoignent les autres camelots en tout genre. En passant devant l&rsquo;un de ces vendeurs de livres d&rsquo;occasion j&rsquo;ai rep\u00e9r\u00e9 un nom : Matilde Asensi et comme <a href=\"http:\/\/le.baudet.over-blog.com\/article-un-livre-de-matilde-asensi-69605232.html\" target=\"_blank\">l&rsquo;ami Baudet<\/a> avait pr\u00e9sent\u00e9 quelques jours plus t\u00f4t de fa\u00e7on tr\u00e8s \u00e9logieuse l&rsquo;un des romans de cette romanci\u00e8re, \u00ab\u00a0le dernier Caton\u00a0\u00bb, j&rsquo;ai acquis les deux romans que proposait  le vendeur, et donc \u00ab\u00a0Le Salon d&rsquo;Ambre\u00a0\u00bb<\/p>\n<p style=\"text-align: justify;\"><strong>Pr\u00e9sentation de l&rsquo;\u00e9diteur<\/strong><br \/>\nSi Ana n\u2019\u00e9tait qu\u2019une jeune antiquaire talentueuse, elle ne ferait pas partie de l\u2019Organisation. Ils sont cinq, recrut\u00e9s parmi les meilleurs. Leur r\u00f4le\u00a0: s\u2019approprier ill\u00e9galement des \u0153uvres d\u2019art uniques dans le seul but de les revendre. Lorsque Ana, en charge de l\u2019ex\u00e9cution de ces vols, quel qu\u2019en soit le danger, d\u00e9couvre dans un ch\u00e2teau d\u2019Allemagne une toile cach\u00e9e ouvrant sur les myst\u00e8res du salon d\u2019ambre, elle en a le souffle coup\u00e9. V\u00e9ritable l\u00e9gende de l\u2019histoire de l\u2019art, ce fabuleux tr\u00e9sor disparu durant la Seconde Guerre n\u2019est autre que la huiti\u00e8me merveille du monde\u00a0: plus de cinquante-cinq m\u00e8tres carr\u00e9s de panneaux d\u2019ambre r\u00e9alis\u00e9s sous le r\u00e8gne du premier roi de Prusse, le Graal de tout un peuple, une fortune inestimable, une pure beaut\u00e9. Des myst\u00e8res de l\u2019apr\u00e8s-guerre aux secrets les mieux gard\u00e9s, de Weimar au camp de Buchenwald, la jeune femme, aussi libre que s\u00e9duisante, n\u2019en finira pas de rencontrer l\u2019Histoire.<\/p>\n<p style=\"text-align: justify;\"><strong>L&rsquo;auteur<\/strong>, Matilde Asensi , est n\u00e9e en 1962 \u00e0 Alicante. Romanci\u00e8re mais aussi journaliste elle a travaill\u00e9 pour plusieurs radios et journaux espagnols.<\/p>\n<p style=\"text-align: justify;\">C&rsquo;est le premier roman de Matilde Asensi qui tombe entre mes mains et ce ne sera pas le dernier. Dans celui l\u00e0 Ana alias \u00ab\u00a0P\u00e9on\u00a0\u00bb (pion) dans l&rsquo;Organisation qui a pour nom le Club d&rsquo;Echec est une monte en l&rsquo;air, c&rsquo;est elle qui est la cheville ouvri\u00e8re et tel Ars\u00e8ne Lupin est au c\u0153ur de l&rsquo;action. Elle est aussi la narratrice de ce  roman plut\u00f4t passionnant m\u00eame si la partie finale est plut\u00f4t confuse et a un c\u00f4t\u00e9 &lsquo;mission impossible&rsquo; peu cr\u00e9dible et manque par moment s\u00e9rieusement de coh\u00e9rence \u00e0 moins que ce ne soit simplement de l&rsquo;inattention de ma part l&rsquo;ayant lu en une nuit ! Il faut dire qu&rsquo;il se lit tr\u00e8s bien et qu&rsquo;il est prenant.<\/p>\n<p style=\"text-align: justify;\">Au del\u00e0 du manque de cr\u00e9dibilit\u00e9, apr\u00e8s tout c&rsquo;est un roman, c&rsquo;est surtout la fin un peu rapide qui m&rsquo;a laiss\u00e9 un peu sur ma faim. Je ressent ce roman comme un souffl\u00e9, l&rsquo;intrigue monte, monte, monte et puis d&rsquo;un coup retombe en quelques pages lors de l&rsquo;exp\u00e9dition finale.<\/p>\n<p style=\"text-align: justify;\">Le second roman acquis lors de cette vir\u00e9e dominicale est Iacobus un roman tr\u00e8s diff\u00e9rent parait-il, et ce sera pour une prochaine fois.<\/p>\n<p style=\"text-align: justify;\">Pour en savoir plus sur \u00ab\u00a0Le salon d&rsquo;ambre\u00a0\u00bb il y a la <a href=\"http:\/\/sheherazade2000.canalblog.com\/archives\/2010\/07\/18\/18609698.html\" target=\"_blank\">critique de Niki<\/a> , sans oublier celle de <a href=\"http:\/\/le.baudet.over-blog.com\/article-le-salon-d-ambre-57401398.html\" target=\"_blank\">PG Baudet<\/a> !.<\/p>\n<p style=\"text-align: justify;\">&nbsp;<\/p>\n","protected":false},"excerpt":{"rendered":"<p>Petite balade l&rsquo;autre dimanche au march\u00e9 de Wazemmes. Pour ceux qui ne connaissent pas, c&rsquo;est un march\u00e9 plut\u00f4t r\u00e9put\u00e9 et tr\u00e8s pris\u00e9 des touristes anglais. Situ\u00e9 dans le quartier populaire lillois tr\u00e8s bigarr\u00e9 de Wazemmes, qui depuis quelques ann\u00e9es attire aussi les bo-bos, il se tient autour des halles du m\u00eame nom.<\/p>\n","protected":false},"author":1,"featured_media":1684,"comment_status":"open","ping_status":"open","sticky":false,"template":"","format":"standard","meta":{"_jetpack_memberships_contains_paid_content":false,"footnotes":""},"categories":[3],"tags":[236,461,481],"class_list":["post-1449","post","type-post","status-publish","format-standard","has-post-thumbnail","hentry","category-bouquins","tag-asensi","tag-policier","tag-roman","has_thumb"],"yoast_head":"<!-- This site is optimized with the Yoast SEO plugin v22.8 - https:\/\/yoast.com\/wordpress\/plugins\/seo\/ -->\n<title>Le Salon d&#039;Ambre - Matilde Asensi - Teksite<\/title>\n<meta name=\"robots\" content=\"index, follow, max-snippet:-1, max-image-preview:large, max-video-preview:-1\" \/>\n<link rel=\"canonical\" href=\"https:\/\/www.cetici.com\/teksite\/2011\/03\/24\/salon-ambre-matilde-asensi\/\" \/>\n<meta property=\"og:locale\" content=\"fr_FR\" \/>\n<meta property=\"og:type\" content=\"article\" \/>\n<meta property=\"og:title\" content=\"Le Salon d&#039;Ambre - Matilde Asensi - Teksite\" \/>\n<meta property=\"og:description\" content=\"Petite balade l&rsquo;autre dimanche au march\u00e9 de Wazemmes. Pour ceux qui ne connaissent pas, c&rsquo;est un march\u00e9 plut\u00f4t r\u00e9put\u00e9 et tr\u00e8s pris\u00e9 des touristes anglais. Situ\u00e9 dans le quartier populaire lillois tr\u00e8s bigarr\u00e9 de Wazemmes, qui depuis quelques ann\u00e9es attire aussi les bo-bos, il se tient autour des halles du m\u00eame nom.\" \/>\n<meta property=\"og:url\" content=\"https:\/\/www.cetici.com\/teksite\/2011\/03\/24\/salon-ambre-matilde-asensi\/\" \/>\n<meta property=\"og:site_name\" content=\"Teksite\" \/>\n<meta property=\"article:published_time\" content=\"2011-03-24T05:00:28+00:00\" \/>\n<meta property=\"article:modified_time\" content=\"2014-03-20T20:58:57+00:00\" \/>\n<meta property=\"og:image\" content=\"https:\/\/www.cetici.com\/teksite\/wp-content\/uploads\/2011\/03\/salonasensi1.jpg\" \/>\n\t<meta property=\"og:image:width\" content=\"300\" \/>\n\t<meta property=\"og:image:height\" content=\"497\" \/>\n\t<meta property=\"og:image:type\" content=\"image\/jpeg\" \/>\n<meta name=\"author\" content=\"Teki\" \/>\n<meta name=\"twitter:label1\" content=\"\u00c9crit par\" \/>\n\t<meta name=\"twitter:data1\" content=\"Teki\" \/>\n\t<meta name=\"twitter:label2\" content=\"Dur\u00e9e de lecture estim\u00e9e\" \/>\n\t<meta name=\"twitter:data2\" content=\"3 minutes\" \/>\n<script type=\"application\/ld+json\" class=\"yoast-schema-graph\">{\"@context\":\"https:\/\/schema.org\",\"@graph\":[{\"@type\":\"WebPage\",\"@id\":\"https:\/\/www.cetici.com\/teksite\/2011\/03\/24\/salon-ambre-matilde-asensi\/\",\"url\":\"https:\/\/www.cetici.com\/teksite\/2011\/03\/24\/salon-ambre-matilde-asensi\/\",\"name\":\"Le Salon d'Ambre - Matilde Asensi - Teksite\",\"isPartOf\":{\"@id\":\"https:\/\/www.cetici.com\/teksite\/#website\"},\"primaryImageOfPage\":{\"@id\":\"https:\/\/www.cetici.com\/teksite\/2011\/03\/24\/salon-ambre-matilde-asensi\/#primaryimage\"},\"image\":{\"@id\":\"https:\/\/www.cetici.com\/teksite\/2011\/03\/24\/salon-ambre-matilde-asensi\/#primaryimage\"},\"thumbnailUrl\":\"https:\/\/www.cetici.com\/teksite\/wp-content\/uploads\/2011\/03\/salonasensi1.jpg\",\"datePublished\":\"2011-03-24T05:00:28+00:00\",\"dateModified\":\"2014-03-20T20:58:57+00:00\",\"author\":{\"@id\":\"https:\/\/www.cetici.com\/teksite\/#\/schema\/person\/85710e4126d62ea551450b78a501e927\"},\"breadcrumb\":{\"@id\":\"https:\/\/www.cetici.com\/teksite\/2011\/03\/24\/salon-ambre-matilde-asensi\/#breadcrumb\"},\"inLanguage\":\"fr-FR\",\"potentialAction\":[{\"@type\":\"ReadAction\",\"target\":[\"https:\/\/www.cetici.com\/teksite\/2011\/03\/24\/salon-ambre-matilde-asensi\/\"]}]},{\"@type\":\"ImageObject\",\"inLanguage\":\"fr-FR\",\"@id\":\"https:\/\/www.cetici.com\/teksite\/2011\/03\/24\/salon-ambre-matilde-asensi\/#primaryimage\",\"url\":\"https:\/\/www.cetici.com\/teksite\/wp-content\/uploads\/2011\/03\/salonasensi1.jpg\",\"contentUrl\":\"https:\/\/www.cetici.com\/teksite\/wp-content\/uploads\/2011\/03\/salonasensi1.jpg\",\"width\":300,\"height\":497},{\"@type\":\"BreadcrumbList\",\"@id\":\"https:\/\/www.cetici.com\/teksite\/2011\/03\/24\/salon-ambre-matilde-asensi\/#breadcrumb\",\"itemListElement\":[{\"@type\":\"ListItem\",\"position\":1,\"name\":\"Accueil\",\"item\":\"https:\/\/www.cetici.com\/teksite\/\"},{\"@type\":\"ListItem\",\"position\":2,\"name\":\"Le Salon d&rsquo;Ambre &#8211; Matilde Asensi\"}]},{\"@type\":\"WebSite\",\"@id\":\"https:\/\/www.cetici.com\/teksite\/#website\",\"url\":\"https:\/\/www.cetici.com\/teksite\/\",\"name\":\"Teksite\",\"description\":\"\",\"potentialAction\":[{\"@type\":\"SearchAction\",\"target\":{\"@type\":\"EntryPoint\",\"urlTemplate\":\"https:\/\/www.cetici.com\/teksite\/?s={search_term_string}\"},\"query-input\":\"required name=search_term_string\"}],\"inLanguage\":\"fr-FR\"},{\"@type\":\"Person\",\"@id\":\"https:\/\/www.cetici.com\/teksite\/#\/schema\/person\/85710e4126d62ea551450b78a501e927\",\"name\":\"Teki\",\"image\":{\"@type\":\"ImageObject\",\"inLanguage\":\"fr-FR\",\"@id\":\"https:\/\/www.cetici.com\/teksite\/#\/schema\/person\/image\/\",\"url\":\"https:\/\/secure.gravatar.com\/avatar\/1116b06e3b4c2ebfa9701704f7f385d866e18539e9b1dac7191ebd77566e2d2b?s=96&d=https%3A%2F%2Fwww.cetici.com%2Fteksite%2Fwp-content%2Fthemes%2Fspike_old%2Fimages%2Fgravatar.png&r=g\",\"contentUrl\":\"https:\/\/secure.gravatar.com\/avatar\/1116b06e3b4c2ebfa9701704f7f385d866e18539e9b1dac7191ebd77566e2d2b?s=96&d=https%3A%2F%2Fwww.cetici.com%2Fteksite%2Fwp-content%2Fthemes%2Fspike_old%2Fimages%2Fgravatar.png&r=g\",\"caption\":\"Teki\"},\"url\":\"https:\/\/www.cetici.com\/teksite\/author\/admin\/\"}]}<\/script>\n<!-- \/ Yoast SEO plugin. -->","yoast_head_json":{"title":"Le Salon d'Ambre - Matilde Asensi - Teksite","robots":{"index":"index","follow":"follow","max-snippet":"max-snippet:-1","max-image-preview":"max-image-preview:large","max-video-preview":"max-video-preview:-1"},"canonical":"https:\/\/www.cetici.com\/teksite\/2011\/03\/24\/salon-ambre-matilde-asensi\/","og_locale":"fr_FR","og_type":"article","og_title":"Le Salon d'Ambre - Matilde Asensi - Teksite","og_description":"Petite balade l&rsquo;autre dimanche au march\u00e9 de Wazemmes. Pour ceux qui ne connaissent pas, c&rsquo;est un march\u00e9 plut\u00f4t r\u00e9put\u00e9 et tr\u00e8s pris\u00e9 des touristes anglais. Situ\u00e9 dans le quartier populaire lillois tr\u00e8s bigarr\u00e9 de Wazemmes, qui depuis quelques ann\u00e9es attire aussi les bo-bos, il se tient autour des halles du m\u00eame nom.","og_url":"https:\/\/www.cetici.com\/teksite\/2011\/03\/24\/salon-ambre-matilde-asensi\/","og_site_name":"Teksite","article_published_time":"2011-03-24T05:00:28+00:00","article_modified_time":"2014-03-20T20:58:57+00:00","og_image":[{"width":300,"height":497,"url":"https:\/\/www.cetici.com\/teksite\/wp-content\/uploads\/2011\/03\/salonasensi1.jpg","type":"image\/jpeg"}],"author":"Teki","twitter_misc":{"\u00c9crit par":"Teki","Dur\u00e9e de lecture estim\u00e9e":"3 minutes"},"schema":{"@context":"https:\/\/schema.org","@graph":[{"@type":"WebPage","@id":"https:\/\/www.cetici.com\/teksite\/2011\/03\/24\/salon-ambre-matilde-asensi\/","url":"https:\/\/www.cetici.com\/teksite\/2011\/03\/24\/salon-ambre-matilde-asensi\/","name":"Le Salon d'Ambre - Matilde Asensi - Teksite","isPartOf":{"@id":"https:\/\/www.cetici.com\/teksite\/#website"},"primaryImageOfPage":{"@id":"https:\/\/www.cetici.com\/teksite\/2011\/03\/24\/salon-ambre-matilde-asensi\/#primaryimage"},"image":{"@id":"https:\/\/www.cetici.com\/teksite\/2011\/03\/24\/salon-ambre-matilde-asensi\/#primaryimage"},"thumbnailUrl":"https:\/\/www.cetici.com\/teksite\/wp-content\/uploads\/2011\/03\/salonasensi1.jpg","datePublished":"2011-03-24T05:00:28+00:00","dateModified":"2014-03-20T20:58:57+00:00","author":{"@id":"https:\/\/www.cetici.com\/teksite\/#\/schema\/person\/85710e4126d62ea551450b78a501e927"},"breadcrumb":{"@id":"https:\/\/www.cetici.com\/teksite\/2011\/03\/24\/salon-ambre-matilde-asensi\/#breadcrumb"},"inLanguage":"fr-FR","potentialAction":[{"@type":"ReadAction","target":["https:\/\/www.cetici.com\/teksite\/2011\/03\/24\/salon-ambre-matilde-asensi\/"]}]},{"@type":"ImageObject","inLanguage":"fr-FR","@id":"https:\/\/www.cetici.com\/teksite\/2011\/03\/24\/salon-ambre-matilde-asensi\/#primaryimage","url":"https:\/\/www.cetici.com\/teksite\/wp-content\/uploads\/2011\/03\/salonasensi1.jpg","contentUrl":"https:\/\/www.cetici.com\/teksite\/wp-content\/uploads\/2011\/03\/salonasensi1.jpg","width":300,"height":497},{"@type":"BreadcrumbList","@id":"https:\/\/www.cetici.com\/teksite\/2011\/03\/24\/salon-ambre-matilde-asensi\/#breadcrumb","itemListElement":[{"@type":"ListItem","position":1,"name":"Accueil","item":"https:\/\/www.cetici.com\/teksite\/"},{"@type":"ListItem","position":2,"name":"Le Salon d&rsquo;Ambre &#8211; Matilde Asensi"}]},{"@type":"WebSite","@id":"https:\/\/www.cetici.com\/teksite\/#website","url":"https:\/\/www.cetici.com\/teksite\/","name":"Teksite","description":"","potentialAction":[{"@type":"SearchAction","target":{"@type":"EntryPoint","urlTemplate":"https:\/\/www.cetici.com\/teksite\/?s={search_term_string}"},"query-input":"required name=search_term_string"}],"inLanguage":"fr-FR"},{"@type":"Person","@id":"https:\/\/www.cetici.com\/teksite\/#\/schema\/person\/85710e4126d62ea551450b78a501e927","name":"Teki","image":{"@type":"ImageObject","inLanguage":"fr-FR","@id":"https:\/\/www.cetici.com\/teksite\/#\/schema\/person\/image\/","url":"https:\/\/secure.gravatar.com\/avatar\/1116b06e3b4c2ebfa9701704f7f385d866e18539e9b1dac7191ebd77566e2d2b?s=96&d=https%3A%2F%2Fwww.cetici.com%2Fteksite%2Fwp-content%2Fthemes%2Fspike_old%2Fimages%2Fgravatar.png&r=g","contentUrl":"https:\/\/secure.gravatar.com\/avatar\/1116b06e3b4c2ebfa9701704f7f385d866e18539e9b1dac7191ebd77566e2d2b?s=96&d=https%3A%2F%2Fwww.cetici.com%2Fteksite%2Fwp-content%2Fthemes%2Fspike_old%2Fimages%2Fgravatar.png&r=g","caption":"Teki"},"url":"https:\/\/www.cetici.com\/teksite\/author\/admin\/"}]}},"jetpack_sharing_enabled":true,"jetpack_featured_media_url":"https:\/\/www.cetici.com\/teksite\/wp-content\/uploads\/2011\/03\/salonasensi1.jpg","_links":{"self":[{"href":"https:\/\/www.cetici.com\/teksite\/wp-json\/wp\/v2\/posts\/1449","targetHints":{"allow":["GET"]}}],"collection":[{"href":"https:\/\/www.cetici.com\/teksite\/wp-json\/wp\/v2\/posts"}],"about":[{"href":"https:\/\/www.cetici.com\/teksite\/wp-json\/wp\/v2\/types\/post"}],"author":[{"embeddable":true,"href":"https:\/\/www.cetici.com\/teksite\/wp-json\/wp\/v2\/users\/1"}],"replies":[{"embeddable":true,"href":"https:\/\/www.cetici.com\/teksite\/wp-json\/wp\/v2\/comments?post=1449"}],"version-history":[{"count":1,"href":"https:\/\/www.cetici.com\/teksite\/wp-json\/wp\/v2\/posts\/1449\/revisions"}],"predecessor-version":[{"id":1685,"href":"https:\/\/www.cetici.com\/teksite\/wp-json\/wp\/v2\/posts\/1449\/revisions\/1685"}],"wp:featuredmedia":[{"embeddable":true,"href":"https:\/\/www.cetici.com\/teksite\/wp-json\/wp\/v2\/media\/1684"}],"wp:attachment":[{"href":"https:\/\/www.cetici.com\/teksite\/wp-json\/wp\/v2\/media?parent=1449"}],"wp:term":[{"taxonomy":"category","embeddable":true,"href":"https:\/\/www.cetici.com\/teksite\/wp-json\/wp\/v2\/categories?post=1449"},{"taxonomy":"post_tag","embeddable":true,"href":"https:\/\/www.cetici.com\/teksite\/wp-json\/wp\/v2\/tags?post=1449"}],"curies":[{"name":"wp","href":"https:\/\/api.w.org\/{rel}","templated":true}]}}