{"id":1457,"date":"2011-03-28T12:16:54","date_gmt":"2011-03-28T10:16:54","guid":{"rendered":"http:\/\/www.cetici.com\/teksite\/?p=1457"},"modified":"2014-03-24T22:02:21","modified_gmt":"2014-03-24T21:02:21","slug":"histoire-du-salon-ambre","status":"publish","type":"post","link":"https:\/\/www.cetici.com\/teksite\/2011\/03\/28\/histoire-du-salon-ambre\/","title":{"rendered":"Histoire du Salon d&rsquo;ambre"},"content":{"rendered":"<p style=\"text-align: justify;\">L&rsquo;autre jour je vous parlais du roman de Matilde Asensi <a href=\"https:\/\/www.cetici.com\/teksite\/2011\/03\/salon-ambre-matilde-asensi\/\" target=\"_blank\">\u00ab\u00a0Le salon d&rsquo;ambre\u00a0\u00bb<\/a>, si mon opinion sur ce polar \u00e9tait nuanc\u00e9, il m&rsquo;a permis de conna\u00eetre le myst\u00e8re du salon d&rsquo;ambre. D\u00e9sirant en savoir plus, en voici donc en quelques lignes son histoire.<\/p>\n<p style=\"text-align: justify;\"><!--more-->Le Salon d&rsquo;ambre \u2013 ou la Chambre d&rsquo;ambre \u2013 \u00e9galement connue sous l&rsquo;appellation de huiti\u00e8me merveille du monde, \u00e9tait une pi\u00e8ce enti\u00e8rement recouverte de lambris sculpt\u00e9s dans de l&rsquo;ambre authentique, de mosa\u00efques florentines incrust\u00e9es de pierres pr\u00e9cieuses, d&rsquo;or et de miroirs r\u00e9alis\u00e9 par Andreas Schluter, sculpteur baroque allemand, et trois ma\u00eetres de la marqueterie d&rsquo;ambre, Gottfried Wolffram, Ernst Schacht et Gottfried Turau. R\u00e9alis\u00e9 pour le roi de Prusse, initialement destin\u00e9e au ch\u00e2teau de Charlottenbourg, il fut offert en 1716 par Fr\u00e9d\u00e9ric-Guillaume Ier (1688-1740) au tsar Pierre Le Grand de Russie (1672-1725). Il fut install\u00e9 \u00e0 Saint-P\u00e9tersbourg au Palais Catherine &#8211; \u00e0 Tasko\u00efe Selo -, par l&rsquo;architecte Rastrelli entre 1751 et 1756. Les quatre grands panneaux de mosa\u00efque repr\u00e9sentaient les cinq sens (l&rsquo;odorat et le toucher \u00e9taient sur le m\u00eame panneau). Mais il y avait aussi des meubles et divers objets pour un total de 6 tonnes d&rsquo;ambre.<\/p>\n<p style=\"text-align: center;\">\n<div id=\"attachment_1458\" style=\"width: 560px\" class=\"wp-caption aligncenter\"><a href=\"https:\/\/www.cetici.com\/teksite\/wp-content\/uploads\/2011\/03\/salonambreoriginal.jpg\"><img loading=\"lazy\" decoding=\"async\" aria-describedby=\"caption-attachment-1458\" class=\"size-full wp-image-1458\" title=\"salonambreoriginal\" src=\"https:\/\/www.cetici.com\/teksite\/wp-content\/uploads\/2011\/03\/salonambreoriginal.jpg\" alt=\"\" width=\"550\" height=\"450\" \/><\/a><p id=\"caption-attachment-1458\" class=\"wp-caption-text\">Le Salon d&#39;Ambre original - unique photo couleur<\/p><\/div>\n<p style=\"text-align: justify;\">&nbsp;<\/p>\n<p style=\"text-align: justify;\">Longtemps l&rsquo;ambre fut une mati\u00e8re myst\u00e9rieuse. Pierre l\u00e9g\u00e8re comme la mousse, flottant parfois sur l&rsquo;\u00e9cume des vagues, translucide au parfum suave et inflamable, on le trouvait beaucoup le long de la Baltique et il \u00e9tait appel\u00e9 \u00abL&rsquo;or de la Baltique\u00bb.<br \/>\nSperme de baleines, larmes de d\u00e9esses mythologiques solidifi\u00e9es par les rayons solaires, l&rsquo;homme s&rsquo;est pos\u00e9 beaucoup de question quand \u00e0 son origine. Aujourd&rsquo;hui plus de myst\u00e8re,  l&rsquo;ambre jaune est de la r\u00e9sine solidifi\u00e9e provenant de for\u00eats de conif\u00e8res disparues il y a quelque cinquante millions d&rsquo;ann\u00e9es.<br \/>\nSi on en trouve en quantit\u00e9 dans la r\u00e9gion de Danzig et de Kaliningrad, il co\u00fbte cher, jusqu&rsquo;\u00e0 1 \u20ac le gramme et quand on sait qu&rsquo;il est tr\u00e8s l\u00e9ger\u2026<\/p>\n<p style=\"text-align: justify;\">Durant la seconde guerre mondiale lorsque les Allemands ont occup\u00e9 et saccag\u00e9 Tsarsko\u00efe Selo, ils d\u00e9mont\u00e8rent le salon et transf\u00e8rent l&rsquo;ensemble de l&rsquo;ambre dans 27 caisses dans l&rsquo;ancien ch\u00e2teau des rois de Prusse \u00e0 Koenigsberg le 14 octobre 1941 sous le commandement d&rsquo;un capitaine de cavalerie, le comte Solms-Laubach. Mais l&rsquo;ensemble est port\u00e9e disparue depuis 1945. Seuls deux \u00e9l\u00e9ments de d\u00e9coration de la chambre ont \u00e9t\u00e9 retrouv\u00e9s en Allemagne en 1997 et restitu\u00e9s \u00e0 la Russie. Nombreux sont ceux qui depuis 1945 se sont lanc\u00e9s \u00e0 la recherche de ce tr\u00e9sor. Le ch\u00e2teau de Koenigsberg gravement endommag\u00e9 pendant la guerre, a \u00e9t\u00e9 ras\u00e9 en 1968 par Brejnev et seule une partie des structures souterraines a \u00e9t\u00e9 \u00e9pargn\u00e9e.<\/p>\n<p style=\"text-align: justify;\">Une copie de ce salon fut inaugur\u00e9e le 31 mai 2003, dans le cadre du 300e anniversaire de la ville de Saint-P\u00e9tersbourg, par Vladimir Poutine et le chancelier allemand Gerhard Schr\u00f6der accompagn\u00e9e de sa femme Doris Schr\u00f6der-K\u00f6pf.<\/p>\n<p style=\"text-align: center;\">\n<div id=\"attachment_1459\" style=\"width: 460px\" class=\"wp-caption aligncenter\"><a href=\"https:\/\/www.cetici.com\/teksite\/wp-content\/uploads\/2011\/03\/salonambrereconstitution.jpg\"><img loading=\"lazy\" decoding=\"async\" aria-describedby=\"caption-attachment-1459\" class=\"size-full wp-image-1459\" title=\"salonambrereconstitution\" src=\"https:\/\/www.cetici.com\/teksite\/wp-content\/uploads\/2011\/03\/salonambrereconstitution.jpg\" alt=\"\" width=\"450\" height=\"600\" \/><\/a><p id=\"caption-attachment-1459\" class=\"wp-caption-text\">Reconstitution du Salon d&#39;Ambre<\/p><\/div>\n<p style=\"text-align: justify;\">&nbsp;<\/p>\n<p style=\"text-align: justify;\">Commenc\u00e9e \u00e0 la fin des ann\u00e9es 70, la reconstitution a \u00e9t\u00e9 r\u00e9alis\u00e9e au ch\u00e2teau de Tsarsko\u00efe Selo \u00e0 St Petersbourg en s&rsquo;inspirant essentiellement de photos en noir et blanc de l&rsquo;original et de l&rsquo;unique photo en couleur disponible. Des probl\u00e8mes de financement interrompirent celle-ci, mais pu \u00eatre achev\u00e9e suite \u00e0 un don de 3,5 millions de dollars de l&rsquo;entreprise allemande Ruhrgas AG.<\/p>\n<p style=\"text-align: justify;\">La reconstruction \u00e0 l&rsquo;identique par les sovi\u00e9tiques de ce salon ne fut pas chose facile. Il fallu dans un premier temps commencer par former des artisans \u00e0 la sculpture de l&rsquo;ambre, et c&rsquo;est une trentaine de sp\u00e9cialistes qui y travaill\u00e8rent.<\/p>\n<p style=\"text-align: justify;\">Mais les recherches de l&rsquo;original se poursuit toujours, ainsi en 2010 des chercheurs russes auraient d\u00e9couvert de nouveaux \u00e9l\u00e9ments soutenant la th\u00e9orie selon laquelle le fameux Salon d&rsquo;ambre du ch\u00e2teau de Koenigsberg d\u00e9mont\u00e9 par les nazis serait peut-\u00eatre encore enseveli sous une des fortifications de la ville d\u00e9truite pendant la Seconde Guerre mondiale.<\/p>\n<p style=\"text-align: justify;\">C&rsquo;est l&rsquo;inscription \u00ab\u00a0tr\u00e9sor d&rsquo;ambre\u00a0\u00bb sur une petite tablette trouv\u00e9e dans des pi\u00e8ces souterraines du ch\u00e2teau de Koenigsberg qui laisserait \u00e0 penser que le salon pourrait toujours \u00eatre enseveli dans des pi\u00e8ces non encore d\u00e9gag\u00e9es. La tablette aurait \u00e9t\u00e9 perdue lors d&rsquo;un d\u00e9m\u00e9nagement des caisses dans le sous-sol du ch\u00e2teau. Affaire \u00e0 suivre &#8230;<\/p>\n<p><script type=\"text\/javascript\"><!--\ngoogle_ad_client = \"ca-pub-0646997598524711\";\n\/* base_article *\/\ngoogle_ad_slot = \"0300797812\";\ngoogle_ad_width = 468;\ngoogle_ad_height = 15;\n\/\/-->\n<\/script><br \/>\n<script type=\"text\/javascript\"\nsrc=\"http:\/\/pagead2.googlesyndication.com\/pagead\/show_ads.js\">\n<\/script><\/p>\n","protected":false},"excerpt":{"rendered":"<p>L&rsquo;autre jour je vous parlais du roman de Matilde Asensi \u00ab\u00a0Le salon d&rsquo;ambre\u00a0\u00bb, si mon opinion sur ce polar \u00e9tait nuanc\u00e9, il m&rsquo;a permis de conna\u00eetre le myst\u00e8re du salon d&rsquo;ambre. D\u00e9sirant en savoir plus, en voici donc en quelques lignes son histoire.<\/p>\n","protected":false},"author":1,"featured_media":1733,"comment_status":"open","ping_status":"open","sticky":false,"template":"","format":"standard","meta":{"_jetpack_memberships_contains_paid_content":false,"footnotes":""},"categories":[2],"tags":[223,356,361,486],"class_list":["post-1457","post","type-post","status-publish","format-standard","has-post-thumbnail","hentry","category-au-jour-le-jour","tag-ambre","tag-guerre","tag-histoire","tag-salon","has_thumb"],"yoast_head":"<!-- This site is optimized with the Yoast SEO plugin v22.8 - https:\/\/yoast.com\/wordpress\/plugins\/seo\/ -->\n<title>Histoire du Salon d&#039;ambre  - Teksite<\/title>\n<meta name=\"robots\" content=\"index, follow, max-snippet:-1, max-image-preview:large, max-video-preview:-1\" \/>\n<link rel=\"canonical\" href=\"https:\/\/www.cetici.com\/teksite\/2011\/03\/28\/histoire-du-salon-ambre\/\" \/>\n<meta property=\"og:locale\" content=\"fr_FR\" \/>\n<meta property=\"og:type\" content=\"article\" \/>\n<meta property=\"og:title\" content=\"Histoire du Salon d&#039;ambre  - Teksite\" \/>\n<meta property=\"og:description\" content=\"L&rsquo;autre jour je vous parlais du roman de Matilde Asensi \u00ab\u00a0Le salon d&rsquo;ambre\u00a0\u00bb, si mon opinion sur ce polar \u00e9tait nuanc\u00e9, il m&rsquo;a permis de conna\u00eetre le myst\u00e8re du salon d&rsquo;ambre. D\u00e9sirant en savoir plus, en voici donc en quelques lignes son histoire.\" \/>\n<meta property=\"og:url\" content=\"https:\/\/www.cetici.com\/teksite\/2011\/03\/28\/histoire-du-salon-ambre\/\" \/>\n<meta property=\"og:site_name\" content=\"Teksite\" \/>\n<meta property=\"article:published_time\" content=\"2011-03-28T10:16:54+00:00\" \/>\n<meta property=\"article:modified_time\" content=\"2014-03-24T21:02:21+00:00\" \/>\n<meta property=\"og:image\" content=\"https:\/\/www.cetici.com\/teksite\/wp-content\/uploads\/2011\/03\/salonambreoriginal1.jpg\" \/>\n\t<meta property=\"og:image:width\" content=\"550\" \/>\n\t<meta property=\"og:image:height\" content=\"450\" \/>\n\t<meta property=\"og:image:type\" content=\"image\/jpeg\" \/>\n<meta name=\"author\" content=\"Teki\" \/>\n<meta name=\"twitter:label1\" content=\"\u00c9crit par\" \/>\n\t<meta name=\"twitter:data1\" content=\"Teki\" \/>\n\t<meta name=\"twitter:label2\" content=\"Dur\u00e9e de lecture estim\u00e9e\" \/>\n\t<meta name=\"twitter:data2\" content=\"4 minutes\" \/>\n<script type=\"application\/ld+json\" class=\"yoast-schema-graph\">{\"@context\":\"https:\/\/schema.org\",\"@graph\":[{\"@type\":\"WebPage\",\"@id\":\"https:\/\/www.cetici.com\/teksite\/2011\/03\/28\/histoire-du-salon-ambre\/\",\"url\":\"https:\/\/www.cetici.com\/teksite\/2011\/03\/28\/histoire-du-salon-ambre\/\",\"name\":\"Histoire du Salon d'ambre - Teksite\",\"isPartOf\":{\"@id\":\"https:\/\/www.cetici.com\/teksite\/#website\"},\"primaryImageOfPage\":{\"@id\":\"https:\/\/www.cetici.com\/teksite\/2011\/03\/28\/histoire-du-salon-ambre\/#primaryimage\"},\"image\":{\"@id\":\"https:\/\/www.cetici.com\/teksite\/2011\/03\/28\/histoire-du-salon-ambre\/#primaryimage\"},\"thumbnailUrl\":\"https:\/\/www.cetici.com\/teksite\/wp-content\/uploads\/2011\/03\/salonambreoriginal1.jpg\",\"datePublished\":\"2011-03-28T10:16:54+00:00\",\"dateModified\":\"2014-03-24T21:02:21+00:00\",\"author\":{\"@id\":\"https:\/\/www.cetici.com\/teksite\/#\/schema\/person\/85710e4126d62ea551450b78a501e927\"},\"breadcrumb\":{\"@id\":\"https:\/\/www.cetici.com\/teksite\/2011\/03\/28\/histoire-du-salon-ambre\/#breadcrumb\"},\"inLanguage\":\"fr-FR\",\"potentialAction\":[{\"@type\":\"ReadAction\",\"target\":[\"https:\/\/www.cetici.com\/teksite\/2011\/03\/28\/histoire-du-salon-ambre\/\"]}]},{\"@type\":\"ImageObject\",\"inLanguage\":\"fr-FR\",\"@id\":\"https:\/\/www.cetici.com\/teksite\/2011\/03\/28\/histoire-du-salon-ambre\/#primaryimage\",\"url\":\"https:\/\/www.cetici.com\/teksite\/wp-content\/uploads\/2011\/03\/salonambreoriginal1.jpg\",\"contentUrl\":\"https:\/\/www.cetici.com\/teksite\/wp-content\/uploads\/2011\/03\/salonambreoriginal1.jpg\",\"width\":550,\"height\":450},{\"@type\":\"BreadcrumbList\",\"@id\":\"https:\/\/www.cetici.com\/teksite\/2011\/03\/28\/histoire-du-salon-ambre\/#breadcrumb\",\"itemListElement\":[{\"@type\":\"ListItem\",\"position\":1,\"name\":\"Accueil\",\"item\":\"https:\/\/www.cetici.com\/teksite\/\"},{\"@type\":\"ListItem\",\"position\":2,\"name\":\"Histoire du Salon d&rsquo;ambre\"}]},{\"@type\":\"WebSite\",\"@id\":\"https:\/\/www.cetici.com\/teksite\/#website\",\"url\":\"https:\/\/www.cetici.com\/teksite\/\",\"name\":\"Teksite\",\"description\":\"\",\"potentialAction\":[{\"@type\":\"SearchAction\",\"target\":{\"@type\":\"EntryPoint\",\"urlTemplate\":\"https:\/\/www.cetici.com\/teksite\/?s={search_term_string}\"},\"query-input\":\"required name=search_term_string\"}],\"inLanguage\":\"fr-FR\"},{\"@type\":\"Person\",\"@id\":\"https:\/\/www.cetici.com\/teksite\/#\/schema\/person\/85710e4126d62ea551450b78a501e927\",\"name\":\"Teki\",\"image\":{\"@type\":\"ImageObject\",\"inLanguage\":\"fr-FR\",\"@id\":\"https:\/\/www.cetici.com\/teksite\/#\/schema\/person\/image\/\",\"url\":\"https:\/\/secure.gravatar.com\/avatar\/1116b06e3b4c2ebfa9701704f7f385d866e18539e9b1dac7191ebd77566e2d2b?s=96&d=https%3A%2F%2Fwww.cetici.com%2Fteksite%2Fwp-content%2Fthemes%2Fspike_old%2Fimages%2Fgravatar.png&r=g\",\"contentUrl\":\"https:\/\/secure.gravatar.com\/avatar\/1116b06e3b4c2ebfa9701704f7f385d866e18539e9b1dac7191ebd77566e2d2b?s=96&d=https%3A%2F%2Fwww.cetici.com%2Fteksite%2Fwp-content%2Fthemes%2Fspike_old%2Fimages%2Fgravatar.png&r=g\",\"caption\":\"Teki\"},\"url\":\"https:\/\/www.cetici.com\/teksite\/author\/admin\/\"}]}<\/script>\n<!-- \/ Yoast SEO plugin. -->","yoast_head_json":{"title":"Histoire du Salon d'ambre  - Teksite","robots":{"index":"index","follow":"follow","max-snippet":"max-snippet:-1","max-image-preview":"max-image-preview:large","max-video-preview":"max-video-preview:-1"},"canonical":"https:\/\/www.cetici.com\/teksite\/2011\/03\/28\/histoire-du-salon-ambre\/","og_locale":"fr_FR","og_type":"article","og_title":"Histoire du Salon d'ambre  - Teksite","og_description":"L&rsquo;autre jour je vous parlais du roman de Matilde Asensi \u00ab\u00a0Le salon d&rsquo;ambre\u00a0\u00bb, si mon opinion sur ce polar \u00e9tait nuanc\u00e9, il m&rsquo;a permis de conna\u00eetre le myst\u00e8re du salon d&rsquo;ambre. D\u00e9sirant en savoir plus, en voici donc en quelques lignes son histoire.","og_url":"https:\/\/www.cetici.com\/teksite\/2011\/03\/28\/histoire-du-salon-ambre\/","og_site_name":"Teksite","article_published_time":"2011-03-28T10:16:54+00:00","article_modified_time":"2014-03-24T21:02:21+00:00","og_image":[{"width":550,"height":450,"url":"https:\/\/www.cetici.com\/teksite\/wp-content\/uploads\/2011\/03\/salonambreoriginal1.jpg","type":"image\/jpeg"}],"author":"Teki","twitter_misc":{"\u00c9crit par":"Teki","Dur\u00e9e de lecture estim\u00e9e":"4 minutes"},"schema":{"@context":"https:\/\/schema.org","@graph":[{"@type":"WebPage","@id":"https:\/\/www.cetici.com\/teksite\/2011\/03\/28\/histoire-du-salon-ambre\/","url":"https:\/\/www.cetici.com\/teksite\/2011\/03\/28\/histoire-du-salon-ambre\/","name":"Histoire du Salon d'ambre - Teksite","isPartOf":{"@id":"https:\/\/www.cetici.com\/teksite\/#website"},"primaryImageOfPage":{"@id":"https:\/\/www.cetici.com\/teksite\/2011\/03\/28\/histoire-du-salon-ambre\/#primaryimage"},"image":{"@id":"https:\/\/www.cetici.com\/teksite\/2011\/03\/28\/histoire-du-salon-ambre\/#primaryimage"},"thumbnailUrl":"https:\/\/www.cetici.com\/teksite\/wp-content\/uploads\/2011\/03\/salonambreoriginal1.jpg","datePublished":"2011-03-28T10:16:54+00:00","dateModified":"2014-03-24T21:02:21+00:00","author":{"@id":"https:\/\/www.cetici.com\/teksite\/#\/schema\/person\/85710e4126d62ea551450b78a501e927"},"breadcrumb":{"@id":"https:\/\/www.cetici.com\/teksite\/2011\/03\/28\/histoire-du-salon-ambre\/#breadcrumb"},"inLanguage":"fr-FR","potentialAction":[{"@type":"ReadAction","target":["https:\/\/www.cetici.com\/teksite\/2011\/03\/28\/histoire-du-salon-ambre\/"]}]},{"@type":"ImageObject","inLanguage":"fr-FR","@id":"https:\/\/www.cetici.com\/teksite\/2011\/03\/28\/histoire-du-salon-ambre\/#primaryimage","url":"https:\/\/www.cetici.com\/teksite\/wp-content\/uploads\/2011\/03\/salonambreoriginal1.jpg","contentUrl":"https:\/\/www.cetici.com\/teksite\/wp-content\/uploads\/2011\/03\/salonambreoriginal1.jpg","width":550,"height":450},{"@type":"BreadcrumbList","@id":"https:\/\/www.cetici.com\/teksite\/2011\/03\/28\/histoire-du-salon-ambre\/#breadcrumb","itemListElement":[{"@type":"ListItem","position":1,"name":"Accueil","item":"https:\/\/www.cetici.com\/teksite\/"},{"@type":"ListItem","position":2,"name":"Histoire du Salon d&rsquo;ambre"}]},{"@type":"WebSite","@id":"https:\/\/www.cetici.com\/teksite\/#website","url":"https:\/\/www.cetici.com\/teksite\/","name":"Teksite","description":"","potentialAction":[{"@type":"SearchAction","target":{"@type":"EntryPoint","urlTemplate":"https:\/\/www.cetici.com\/teksite\/?s={search_term_string}"},"query-input":"required name=search_term_string"}],"inLanguage":"fr-FR"},{"@type":"Person","@id":"https:\/\/www.cetici.com\/teksite\/#\/schema\/person\/85710e4126d62ea551450b78a501e927","name":"Teki","image":{"@type":"ImageObject","inLanguage":"fr-FR","@id":"https:\/\/www.cetici.com\/teksite\/#\/schema\/person\/image\/","url":"https:\/\/secure.gravatar.com\/avatar\/1116b06e3b4c2ebfa9701704f7f385d866e18539e9b1dac7191ebd77566e2d2b?s=96&d=https%3A%2F%2Fwww.cetici.com%2Fteksite%2Fwp-content%2Fthemes%2Fspike_old%2Fimages%2Fgravatar.png&r=g","contentUrl":"https:\/\/secure.gravatar.com\/avatar\/1116b06e3b4c2ebfa9701704f7f385d866e18539e9b1dac7191ebd77566e2d2b?s=96&d=https%3A%2F%2Fwww.cetici.com%2Fteksite%2Fwp-content%2Fthemes%2Fspike_old%2Fimages%2Fgravatar.png&r=g","caption":"Teki"},"url":"https:\/\/www.cetici.com\/teksite\/author\/admin\/"}]}},"jetpack_sharing_enabled":true,"jetpack_featured_media_url":"https:\/\/www.cetici.com\/teksite\/wp-content\/uploads\/2011\/03\/salonambreoriginal1.jpg","_links":{"self":[{"href":"https:\/\/www.cetici.com\/teksite\/wp-json\/wp\/v2\/posts\/1457","targetHints":{"allow":["GET"]}}],"collection":[{"href":"https:\/\/www.cetici.com\/teksite\/wp-json\/wp\/v2\/posts"}],"about":[{"href":"https:\/\/www.cetici.com\/teksite\/wp-json\/wp\/v2\/types\/post"}],"author":[{"embeddable":true,"href":"https:\/\/www.cetici.com\/teksite\/wp-json\/wp\/v2\/users\/1"}],"replies":[{"embeddable":true,"href":"https:\/\/www.cetici.com\/teksite\/wp-json\/wp\/v2\/comments?post=1457"}],"version-history":[{"count":1,"href":"https:\/\/www.cetici.com\/teksite\/wp-json\/wp\/v2\/posts\/1457\/revisions"}],"predecessor-version":[{"id":1734,"href":"https:\/\/www.cetici.com\/teksite\/wp-json\/wp\/v2\/posts\/1457\/revisions\/1734"}],"wp:featuredmedia":[{"embeddable":true,"href":"https:\/\/www.cetici.com\/teksite\/wp-json\/wp\/v2\/media\/1733"}],"wp:attachment":[{"href":"https:\/\/www.cetici.com\/teksite\/wp-json\/wp\/v2\/media?parent=1457"}],"wp:term":[{"taxonomy":"category","embeddable":true,"href":"https:\/\/www.cetici.com\/teksite\/wp-json\/wp\/v2\/categories?post=1457"},{"taxonomy":"post_tag","embeddable":true,"href":"https:\/\/www.cetici.com\/teksite\/wp-json\/wp\/v2\/tags?post=1457"}],"curies":[{"name":"wp","href":"https:\/\/api.w.org\/{rel}","templated":true}]}}