{"id":1460,"date":"2011-03-29T15:41:31","date_gmt":"2011-03-29T13:41:31","guid":{"rendered":"http:\/\/www.cetici.com\/teksite\/?p=1460"},"modified":"2014-03-24T22:01:25","modified_gmt":"2014-03-24T21:01:25","slug":"les-francais","status":"publish","type":"post","link":"https:\/\/www.cetici.com\/teksite\/2011\/03\/29\/les-francais\/","title":{"rendered":"Les Fran\u00e7ais \u2026"},"content":{"rendered":"<p style=\"text-align: justify;\">Les lecteurs de ce blog venant de divers pays voici une petite vid\u00e9o qui leur expliquera en quelques secondes les Fran\u00e7ais.<\/p>\n<p><!--more--><\/p>\n<p style=\"text-align: center;\"><a href=\"https:\/\/www.cetici.com\/teksite\/wp-content\/uploads\/2011\/03\/lesfran\u00e7ais.jpg\"><img loading=\"lazy\" decoding=\"async\" class=\"aligncenter size-full wp-image-1461\" title=\"lesfran\u00e7ais\" src=\"https:\/\/www.cetici.com\/teksite\/wp-content\/uploads\/2011\/03\/lesfran\u00e7ais.jpg\" alt=\"\" width=\"560\" height=\"280\" \/><\/a><\/p>\n<p style=\"text-align: justify;\">C&rsquo;est une publicit\u00e9 pour une radio : RTL, la station la plus \u00e9cout\u00e9e de France mais qui a aussi une r\u00e9putation d&rsquo;\u00eatre plut\u00f4t Beauf (je sens que je vais me faire des amis). Cela fait fait longtemps que je ne l&rsquo;ai plus \u00e9cout\u00e9 \u00e9tant plut\u00f4t France Inter, la radio publique en gr\u00e8ve pour un Oui ou pour un Non mais qui a le gros avantage d&rsquo;\u00eatre avec tr\u00e8s tr\u00e8s peu de publicit\u00e9. Ce peu \u00e9tant de plus diffus\u00e9 en grande partie pendant les matinales. Il n&rsquo;y a pas que l&rsquo;absence de pub, mais aussi la qualit\u00e9 des programmes, m\u00eame si tout le monde sait que c&rsquo;\u00e9tait mieux avant et que la qualit\u00e9 diminue d&rsquo;ann\u00e9e en ann\u00e9e.<\/p>\n<p style=\"text-align: justify;\">Mais revenons en nos moutons et \u00e0 la chaine de radio priv\u00e9e RTL, RTL = Radio T\u00e9l\u00e9 Luxembourg. Eh oui la radio la plus \u00e9cout\u00e9e porte le nom de ce pays voisin, surprenant pour certains je n&rsquo;en doutes pas, mais cela remonte \u00e0 sa cr\u00e9ation. A l&rsquo;\u00e9poque les radios priv\u00e9es \u00e9taient interdites en France !<\/p>\n<p style=\"text-align: justify;\">Donc cette chaine de radio a fait un spot publicitaire sur les Fran\u00e7ais que je trouve tellement vrai qu&rsquo;il aidera tous ceux qui ne vivent ici \u00e0 mieux \u00ab\u00a0nous\u00a0\u00bb comprendre !<\/p>\n<p><center><iframe loading=\"lazy\" src=\"http:\/\/player.vimeo.com\/video\/21600325\" width=\"400\" height=\"225\" frameborder=\"0\"><\/iframe><\/p>\n<p><a href=\"http:\/\/vimeo.com\/21600325\">RTL<\/a> from <a href=\"http:\/\/vimeo.com\/user2613261\">Doc News<\/a> on <a href=\"http:\/\/vimeo.com\">Vimeo<\/a>.<\/p>\n<p><\/center><\/p>\n<p>Le Site de <a href=\"http:\/\/www.rtl.fr\/\" target=\"_blank\">RTL<\/a><\/p>\n<p><script type=\"text\/javascript\"><!--\ngoogle_ad_client = \"ca-pub-0646997598524711\";\n\/* base_article *\/\ngoogle_ad_slot = \"0300797812\";\ngoogle_ad_width = 468;\ngoogle_ad_height = 15;\n\/\/-->\n<\/script><br \/>\n<script type=\"text\/javascript\"\nsrc=\"http:\/\/pagead2.googlesyndication.com\/pagead\/show_ads.js\">\n<\/script><\/p>\n","protected":false},"excerpt":{"rendered":"<p>Les lecteurs de ce blog venant de divers pays voici une petite vid\u00e9o qui leur expliquera en quelques secondes les Fran\u00e7ais.<\/p>\n","protected":false},"author":1,"featured_media":1731,"comment_status":"open","ping_status":"open","sticky":false,"template":"","format":"standard","meta":{"_jetpack_memberships_contains_paid_content":false,"footnotes":""},"categories":[2],"tags":[468,472,485,191],"class_list":["post-1460","post","type-post","status-publish","format-standard","has-post-thumbnail","hentry","category-au-jour-le-jour","tag-pub","tag-radio","tag-rtl","tag-video","has_thumb"],"yoast_head":"<!-- This site is optimized with the Yoast SEO plugin v22.8 - https:\/\/yoast.com\/wordpress\/plugins\/seo\/ -->\n<title>Les Fran\u00e7ais \u2026 - Teksite<\/title>\n<meta name=\"robots\" content=\"index, follow, max-snippet:-1, max-image-preview:large, max-video-preview:-1\" \/>\n<link rel=\"canonical\" href=\"https:\/\/www.cetici.com\/teksite\/2011\/03\/29\/les-francais\/\" \/>\n<meta property=\"og:locale\" content=\"fr_FR\" \/>\n<meta property=\"og:type\" content=\"article\" \/>\n<meta property=\"og:title\" content=\"Les Fran\u00e7ais \u2026 - Teksite\" \/>\n<meta property=\"og:description\" content=\"Les lecteurs de ce blog venant de divers pays voici une petite vid\u00e9o qui leur expliquera en quelques secondes les Fran\u00e7ais.\" \/>\n<meta property=\"og:url\" content=\"https:\/\/www.cetici.com\/teksite\/2011\/03\/29\/les-francais\/\" \/>\n<meta property=\"og:site_name\" content=\"Teksite\" \/>\n<meta property=\"article:published_time\" content=\"2011-03-29T13:41:31+00:00\" \/>\n<meta property=\"article:modified_time\" content=\"2014-03-24T21:01:25+00:00\" \/>\n<meta property=\"og:image\" content=\"https:\/\/www.cetici.com\/teksite\/wp-content\/uploads\/2011\/03\/lesfranc\u0327ais.jpg\" \/>\n\t<meta property=\"og:image:width\" content=\"560\" \/>\n\t<meta property=\"og:image:height\" content=\"280\" \/>\n\t<meta property=\"og:image:type\" content=\"image\/jpeg\" \/>\n<meta name=\"author\" content=\"Teki\" \/>\n<meta name=\"twitter:label1\" content=\"\u00c9crit par\" \/>\n\t<meta name=\"twitter:data1\" content=\"Teki\" \/>\n\t<meta name=\"twitter:label2\" content=\"Dur\u00e9e de lecture estim\u00e9e\" \/>\n\t<meta name=\"twitter:data2\" content=\"1 minute\" \/>\n<script type=\"application\/ld+json\" class=\"yoast-schema-graph\">{\"@context\":\"https:\/\/schema.org\",\"@graph\":[{\"@type\":\"WebPage\",\"@id\":\"https:\/\/www.cetici.com\/teksite\/2011\/03\/29\/les-francais\/\",\"url\":\"https:\/\/www.cetici.com\/teksite\/2011\/03\/29\/les-francais\/\",\"name\":\"Les Fran\u00e7ais \u2026 - Teksite\",\"isPartOf\":{\"@id\":\"https:\/\/www.cetici.com\/teksite\/#website\"},\"primaryImageOfPage\":{\"@id\":\"https:\/\/www.cetici.com\/teksite\/2011\/03\/29\/les-francais\/#primaryimage\"},\"image\":{\"@id\":\"https:\/\/www.cetici.com\/teksite\/2011\/03\/29\/les-francais\/#primaryimage\"},\"thumbnailUrl\":\"https:\/\/www.cetici.com\/teksite\/wp-content\/uploads\/2011\/03\/lesfranc\u0327ais.jpg\",\"datePublished\":\"2011-03-29T13:41:31+00:00\",\"dateModified\":\"2014-03-24T21:01:25+00:00\",\"author\":{\"@id\":\"https:\/\/www.cetici.com\/teksite\/#\/schema\/person\/85710e4126d62ea551450b78a501e927\"},\"breadcrumb\":{\"@id\":\"https:\/\/www.cetici.com\/teksite\/2011\/03\/29\/les-francais\/#breadcrumb\"},\"inLanguage\":\"fr-FR\",\"potentialAction\":[{\"@type\":\"ReadAction\",\"target\":[\"https:\/\/www.cetici.com\/teksite\/2011\/03\/29\/les-francais\/\"]}]},{\"@type\":\"ImageObject\",\"inLanguage\":\"fr-FR\",\"@id\":\"https:\/\/www.cetici.com\/teksite\/2011\/03\/29\/les-francais\/#primaryimage\",\"url\":\"https:\/\/www.cetici.com\/teksite\/wp-content\/uploads\/2011\/03\/lesfranc\u0327ais.jpg\",\"contentUrl\":\"https:\/\/www.cetici.com\/teksite\/wp-content\/uploads\/2011\/03\/lesfranc\u0327ais.jpg\",\"width\":560,\"height\":280},{\"@type\":\"BreadcrumbList\",\"@id\":\"https:\/\/www.cetici.com\/teksite\/2011\/03\/29\/les-francais\/#breadcrumb\",\"itemListElement\":[{\"@type\":\"ListItem\",\"position\":1,\"name\":\"Accueil\",\"item\":\"https:\/\/www.cetici.com\/teksite\/\"},{\"@type\":\"ListItem\",\"position\":2,\"name\":\"Les Fran\u00e7ais \u2026\"}]},{\"@type\":\"WebSite\",\"@id\":\"https:\/\/www.cetici.com\/teksite\/#website\",\"url\":\"https:\/\/www.cetici.com\/teksite\/\",\"name\":\"Teksite\",\"description\":\"\",\"potentialAction\":[{\"@type\":\"SearchAction\",\"target\":{\"@type\":\"EntryPoint\",\"urlTemplate\":\"https:\/\/www.cetici.com\/teksite\/?s={search_term_string}\"},\"query-input\":\"required name=search_term_string\"}],\"inLanguage\":\"fr-FR\"},{\"@type\":\"Person\",\"@id\":\"https:\/\/www.cetici.com\/teksite\/#\/schema\/person\/85710e4126d62ea551450b78a501e927\",\"name\":\"Teki\",\"image\":{\"@type\":\"ImageObject\",\"inLanguage\":\"fr-FR\",\"@id\":\"https:\/\/www.cetici.com\/teksite\/#\/schema\/person\/image\/\",\"url\":\"https:\/\/secure.gravatar.com\/avatar\/1116b06e3b4c2ebfa9701704f7f385d866e18539e9b1dac7191ebd77566e2d2b?s=96&d=https%3A%2F%2Fwww.cetici.com%2Fteksite%2Fwp-content%2Fthemes%2Fspike_old%2Fimages%2Fgravatar.png&r=g\",\"contentUrl\":\"https:\/\/secure.gravatar.com\/avatar\/1116b06e3b4c2ebfa9701704f7f385d866e18539e9b1dac7191ebd77566e2d2b?s=96&d=https%3A%2F%2Fwww.cetici.com%2Fteksite%2Fwp-content%2Fthemes%2Fspike_old%2Fimages%2Fgravatar.png&r=g\",\"caption\":\"Teki\"},\"url\":\"https:\/\/www.cetici.com\/teksite\/author\/admin\/\"}]}<\/script>\n<!-- \/ Yoast SEO plugin. -->","yoast_head_json":{"title":"Les Fran\u00e7ais \u2026 - Teksite","robots":{"index":"index","follow":"follow","max-snippet":"max-snippet:-1","max-image-preview":"max-image-preview:large","max-video-preview":"max-video-preview:-1"},"canonical":"https:\/\/www.cetici.com\/teksite\/2011\/03\/29\/les-francais\/","og_locale":"fr_FR","og_type":"article","og_title":"Les Fran\u00e7ais \u2026 - Teksite","og_description":"Les lecteurs de ce blog venant de divers pays voici une petite vid\u00e9o qui leur expliquera en quelques secondes les Fran\u00e7ais.","og_url":"https:\/\/www.cetici.com\/teksite\/2011\/03\/29\/les-francais\/","og_site_name":"Teksite","article_published_time":"2011-03-29T13:41:31+00:00","article_modified_time":"2014-03-24T21:01:25+00:00","og_image":[{"width":560,"height":280,"url":"https:\/\/www.cetici.com\/teksite\/wp-content\/uploads\/2011\/03\/lesfranc\u0327ais.jpg","type":"image\/jpeg"}],"author":"Teki","twitter_misc":{"\u00c9crit par":"Teki","Dur\u00e9e de lecture estim\u00e9e":"1 minute"},"schema":{"@context":"https:\/\/schema.org","@graph":[{"@type":"WebPage","@id":"https:\/\/www.cetici.com\/teksite\/2011\/03\/29\/les-francais\/","url":"https:\/\/www.cetici.com\/teksite\/2011\/03\/29\/les-francais\/","name":"Les Fran\u00e7ais \u2026 - Teksite","isPartOf":{"@id":"https:\/\/www.cetici.com\/teksite\/#website"},"primaryImageOfPage":{"@id":"https:\/\/www.cetici.com\/teksite\/2011\/03\/29\/les-francais\/#primaryimage"},"image":{"@id":"https:\/\/www.cetici.com\/teksite\/2011\/03\/29\/les-francais\/#primaryimage"},"thumbnailUrl":"https:\/\/www.cetici.com\/teksite\/wp-content\/uploads\/2011\/03\/lesfranc\u0327ais.jpg","datePublished":"2011-03-29T13:41:31+00:00","dateModified":"2014-03-24T21:01:25+00:00","author":{"@id":"https:\/\/www.cetici.com\/teksite\/#\/schema\/person\/85710e4126d62ea551450b78a501e927"},"breadcrumb":{"@id":"https:\/\/www.cetici.com\/teksite\/2011\/03\/29\/les-francais\/#breadcrumb"},"inLanguage":"fr-FR","potentialAction":[{"@type":"ReadAction","target":["https:\/\/www.cetici.com\/teksite\/2011\/03\/29\/les-francais\/"]}]},{"@type":"ImageObject","inLanguage":"fr-FR","@id":"https:\/\/www.cetici.com\/teksite\/2011\/03\/29\/les-francais\/#primaryimage","url":"https:\/\/www.cetici.com\/teksite\/wp-content\/uploads\/2011\/03\/lesfranc\u0327ais.jpg","contentUrl":"https:\/\/www.cetici.com\/teksite\/wp-content\/uploads\/2011\/03\/lesfranc\u0327ais.jpg","width":560,"height":280},{"@type":"BreadcrumbList","@id":"https:\/\/www.cetici.com\/teksite\/2011\/03\/29\/les-francais\/#breadcrumb","itemListElement":[{"@type":"ListItem","position":1,"name":"Accueil","item":"https:\/\/www.cetici.com\/teksite\/"},{"@type":"ListItem","position":2,"name":"Les Fran\u00e7ais \u2026"}]},{"@type":"WebSite","@id":"https:\/\/www.cetici.com\/teksite\/#website","url":"https:\/\/www.cetici.com\/teksite\/","name":"Teksite","description":"","potentialAction":[{"@type":"SearchAction","target":{"@type":"EntryPoint","urlTemplate":"https:\/\/www.cetici.com\/teksite\/?s={search_term_string}"},"query-input":"required name=search_term_string"}],"inLanguage":"fr-FR"},{"@type":"Person","@id":"https:\/\/www.cetici.com\/teksite\/#\/schema\/person\/85710e4126d62ea551450b78a501e927","name":"Teki","image":{"@type":"ImageObject","inLanguage":"fr-FR","@id":"https:\/\/www.cetici.com\/teksite\/#\/schema\/person\/image\/","url":"https:\/\/secure.gravatar.com\/avatar\/1116b06e3b4c2ebfa9701704f7f385d866e18539e9b1dac7191ebd77566e2d2b?s=96&d=https%3A%2F%2Fwww.cetici.com%2Fteksite%2Fwp-content%2Fthemes%2Fspike_old%2Fimages%2Fgravatar.png&r=g","contentUrl":"https:\/\/secure.gravatar.com\/avatar\/1116b06e3b4c2ebfa9701704f7f385d866e18539e9b1dac7191ebd77566e2d2b?s=96&d=https%3A%2F%2Fwww.cetici.com%2Fteksite%2Fwp-content%2Fthemes%2Fspike_old%2Fimages%2Fgravatar.png&r=g","caption":"Teki"},"url":"https:\/\/www.cetici.com\/teksite\/author\/admin\/"}]}},"jetpack_sharing_enabled":true,"jetpack_featured_media_url":"https:\/\/www.cetici.com\/teksite\/wp-content\/uploads\/2011\/03\/lesfranc\u0327ais.jpg","_links":{"self":[{"href":"https:\/\/www.cetici.com\/teksite\/wp-json\/wp\/v2\/posts\/1460","targetHints":{"allow":["GET"]}}],"collection":[{"href":"https:\/\/www.cetici.com\/teksite\/wp-json\/wp\/v2\/posts"}],"about":[{"href":"https:\/\/www.cetici.com\/teksite\/wp-json\/wp\/v2\/types\/post"}],"author":[{"embeddable":true,"href":"https:\/\/www.cetici.com\/teksite\/wp-json\/wp\/v2\/users\/1"}],"replies":[{"embeddable":true,"href":"https:\/\/www.cetici.com\/teksite\/wp-json\/wp\/v2\/comments?post=1460"}],"version-history":[{"count":1,"href":"https:\/\/www.cetici.com\/teksite\/wp-json\/wp\/v2\/posts\/1460\/revisions"}],"predecessor-version":[{"id":1732,"href":"https:\/\/www.cetici.com\/teksite\/wp-json\/wp\/v2\/posts\/1460\/revisions\/1732"}],"wp:featuredmedia":[{"embeddable":true,"href":"https:\/\/www.cetici.com\/teksite\/wp-json\/wp\/v2\/media\/1731"}],"wp:attachment":[{"href":"https:\/\/www.cetici.com\/teksite\/wp-json\/wp\/v2\/media?parent=1460"}],"wp:term":[{"taxonomy":"category","embeddable":true,"href":"https:\/\/www.cetici.com\/teksite\/wp-json\/wp\/v2\/categories?post=1460"},{"taxonomy":"post_tag","embeddable":true,"href":"https:\/\/www.cetici.com\/teksite\/wp-json\/wp\/v2\/tags?post=1460"}],"curies":[{"name":"wp","href":"https:\/\/api.w.org\/{rel}","templated":true}]}}