{"id":547,"date":"2010-03-03T08:00:38","date_gmt":"2010-03-03T06:00:38","guid":{"rendered":"http:\/\/www.cetici.com\/teksite\/?p=547"},"modified":"2010-03-03T08:00:38","modified_gmt":"2010-03-03T06:00:38","slug":"nouveau-logo-pour-tous-les-produits-bio-de-lunion-europeenne","status":"publish","type":"post","link":"https:\/\/www.cetici.com\/teksite\/2010\/03\/03\/nouveau-logo-pour-tous-les-produits-bio-de-lunion-europeenne\/","title":{"rendered":"Nouveau logo pour tous les produits bio de l\u2019Union europ\u00e9enne"},"content":{"rendered":"<p>Le nouveau logo bio de l&rsquo;Europ\u00e9enne choisi par les internautes, est celui propos\u00e9 par un \u00e9tudiant Allemand. Ce logo symbolise la nature et l&rsquo;Europe.<\/p>\n<p><center><img loading=\"lazy\" decoding=\"async\" src=\"https:\/\/www.cetici.com\/teksite\/wp-content\/uploads\/2010\/03\/Logo-Bio-UE11.png\" alt=\"\" title=\"Logo Bio UE\" width=\"388\" height=\"260\" class=\"aligncenter size-full wp-image-548\" \/><\/center><\/p>\n<p><!--more--><\/p>\n<p>La Commission Europ\u00e9enne avait organis\u00e9 un concours paneurop\u00e9en ouvert aux \u00e9tudiants en art et en design. Constitu\u00e9 de personnalit\u00e9s internationalement reconnues, le jury a examin\u00e9 presque 3 500 propositions de logos, dont les trois meilleures ont \u00e9t\u00e9 publi\u00e9es sur le site du concours (<a href=\"http:\/\/www.ec.europa.eu\/organic-logo\">www.ec.europa.eu\/organic-logo<\/a>) et soumises  au vote des internautes aux mois de d\u00e9cembre et janvier dernier. Le jeune \u00e9tudiant Allemand, Dusan Milenkovic,  a remport\u00e9 63% des 130 000 voix.<\/p>\n<p>Ce logo sera obligatoire sur tous les produits biologiques pr\u00e9emball\u00e9s \u00e9labor\u00e9s dans les \u00c9tats membres de l\u2019Union et r\u00e9pondant aux normes requises, \u00e0 partir du 1er juillet 2010. Il sera facultatif sur les produits import\u00e9s. Le logo AB restera autoris\u00e9.<br \/>\nL\u2019apposition, \u00e0 c\u00f4t\u00e9 du logo de l\u2019UE, d\u2019autres logos \u00e0 caract\u00e8re priv\u00e9, r\u00e9gional ou national, notamment le logo AB, sera autoris\u00e9e.<\/p>\n<p><center><br \/>\n<script type=\"text\/javascript\">\nvar uri = 'http:\/\/impfr.tradedoubler.com\/imp?type(js)g(18549314)a(1787028)' + new String (Math.random()).substring (2, 11);\ndocument.write('<sc'+'ript type=\"text\/javascript\" src=\"'+uri+'\" charset=\"\"><\/sc'+'ript>');\n<\/script><br \/>\n<\/center><\/p>\n","protected":false},"excerpt":{"rendered":"<p>Le nouveau logo bio de l&rsquo;Europ\u00e9enne choisi par les internautes, est celui propos\u00e9 par un \u00e9tudiant Allemand. Ce logo symbolise la nature et l&rsquo;Europe.<\/p>\n","protected":false},"author":2,"featured_media":0,"comment_status":"open","ping_status":"open","sticky":false,"template":"","format":"standard","meta":{"_jetpack_memberships_contains_paid_content":false,"footnotes":""},"categories":[5],"tags":[31,116],"class_list":["post-547","post","type-post","status-publish","format-standard","hentry","category-ecologie","tag-bio","tag-logo"],"yoast_head":"<!-- This site is optimized with the Yoast SEO plugin v22.8 - https:\/\/yoast.com\/wordpress\/plugins\/seo\/ -->\n<title>Nouveau logo pour tous les produits bio de l\u2019Union europ\u00e9enne - Teksite<\/title>\n<meta name=\"robots\" content=\"index, follow, max-snippet:-1, max-image-preview:large, max-video-preview:-1\" \/>\n<link rel=\"canonical\" href=\"https:\/\/www.cetici.com\/teksite\/2010\/03\/03\/nouveau-logo-pour-tous-les-produits-bio-de-lunion-europeenne\/\" \/>\n<meta property=\"og:locale\" content=\"fr_FR\" \/>\n<meta property=\"og:type\" content=\"article\" \/>\n<meta property=\"og:title\" content=\"Nouveau logo pour tous les produits bio de l\u2019Union europ\u00e9enne - Teksite\" \/>\n<meta property=\"og:description\" content=\"Le nouveau logo bio de l&rsquo;Europ\u00e9enne choisi par les internautes, est celui propos\u00e9 par un \u00e9tudiant Allemand. Ce logo symbolise la nature et l&rsquo;Europe.\" \/>\n<meta property=\"og:url\" content=\"https:\/\/www.cetici.com\/teksite\/2010\/03\/03\/nouveau-logo-pour-tous-les-produits-bio-de-lunion-europeenne\/\" \/>\n<meta property=\"og:site_name\" content=\"Teksite\" \/>\n<meta property=\"article:published_time\" content=\"2010-03-03T06:00:38+00:00\" \/>\n<meta property=\"og:image\" content=\"http:\/\/www.cetici.com\/teksite\/wp-content\/uploads\/2010\/03\/Logo-Bio-UE11.png\" \/>\n<meta name=\"author\" content=\"Teki\" \/>\n<meta name=\"twitter:label1\" content=\"\u00c9crit par\" \/>\n\t<meta name=\"twitter:data1\" content=\"Teki\" \/>\n\t<meta name=\"twitter:label2\" content=\"Dur\u00e9e de lecture estim\u00e9e\" \/>\n\t<meta name=\"twitter:data2\" content=\"1 minute\" \/>\n<script type=\"application\/ld+json\" class=\"yoast-schema-graph\">{\"@context\":\"https:\/\/schema.org\",\"@graph\":[{\"@type\":\"WebPage\",\"@id\":\"https:\/\/www.cetici.com\/teksite\/2010\/03\/03\/nouveau-logo-pour-tous-les-produits-bio-de-lunion-europeenne\/\",\"url\":\"https:\/\/www.cetici.com\/teksite\/2010\/03\/03\/nouveau-logo-pour-tous-les-produits-bio-de-lunion-europeenne\/\",\"name\":\"Nouveau logo pour tous les produits bio de l\u2019Union europ\u00e9enne - Teksite\",\"isPartOf\":{\"@id\":\"https:\/\/www.cetici.com\/teksite\/#website\"},\"primaryImageOfPage\":{\"@id\":\"https:\/\/www.cetici.com\/teksite\/2010\/03\/03\/nouveau-logo-pour-tous-les-produits-bio-de-lunion-europeenne\/#primaryimage\"},\"image\":{\"@id\":\"https:\/\/www.cetici.com\/teksite\/2010\/03\/03\/nouveau-logo-pour-tous-les-produits-bio-de-lunion-europeenne\/#primaryimage\"},\"thumbnailUrl\":\"http:\/\/www.cetici.com\/teksite\/wp-content\/uploads\/2010\/03\/Logo-Bio-UE11.png\",\"datePublished\":\"2010-03-03T06:00:38+00:00\",\"dateModified\":\"2010-03-03T06:00:38+00:00\",\"author\":{\"@id\":\"https:\/\/www.cetici.com\/teksite\/#\/schema\/person\/183e69354673800d26ece0f9c6f6c235\"},\"breadcrumb\":{\"@id\":\"https:\/\/www.cetici.com\/teksite\/2010\/03\/03\/nouveau-logo-pour-tous-les-produits-bio-de-lunion-europeenne\/#breadcrumb\"},\"inLanguage\":\"fr-FR\",\"potentialAction\":[{\"@type\":\"ReadAction\",\"target\":[\"https:\/\/www.cetici.com\/teksite\/2010\/03\/03\/nouveau-logo-pour-tous-les-produits-bio-de-lunion-europeenne\/\"]}]},{\"@type\":\"ImageObject\",\"inLanguage\":\"fr-FR\",\"@id\":\"https:\/\/www.cetici.com\/teksite\/2010\/03\/03\/nouveau-logo-pour-tous-les-produits-bio-de-lunion-europeenne\/#primaryimage\",\"url\":\"http:\/\/www.cetici.com\/teksite\/wp-content\/uploads\/2010\/03\/Logo-Bio-UE11.png\",\"contentUrl\":\"http:\/\/www.cetici.com\/teksite\/wp-content\/uploads\/2010\/03\/Logo-Bio-UE11.png\"},{\"@type\":\"BreadcrumbList\",\"@id\":\"https:\/\/www.cetici.com\/teksite\/2010\/03\/03\/nouveau-logo-pour-tous-les-produits-bio-de-lunion-europeenne\/#breadcrumb\",\"itemListElement\":[{\"@type\":\"ListItem\",\"position\":1,\"name\":\"Accueil\",\"item\":\"https:\/\/www.cetici.com\/teksite\/\"},{\"@type\":\"ListItem\",\"position\":2,\"name\":\"Nouveau logo pour tous les produits bio de l\u2019Union europ\u00e9enne\"}]},{\"@type\":\"WebSite\",\"@id\":\"https:\/\/www.cetici.com\/teksite\/#website\",\"url\":\"https:\/\/www.cetici.com\/teksite\/\",\"name\":\"Teksite\",\"description\":\"\",\"potentialAction\":[{\"@type\":\"SearchAction\",\"target\":{\"@type\":\"EntryPoint\",\"urlTemplate\":\"https:\/\/www.cetici.com\/teksite\/?s={search_term_string}\"},\"query-input\":\"required name=search_term_string\"}],\"inLanguage\":\"fr-FR\"},{\"@type\":\"Person\",\"@id\":\"https:\/\/www.cetici.com\/teksite\/#\/schema\/person\/183e69354673800d26ece0f9c6f6c235\",\"name\":\"Teki\",\"image\":{\"@type\":\"ImageObject\",\"inLanguage\":\"fr-FR\",\"@id\":\"https:\/\/www.cetici.com\/teksite\/#\/schema\/person\/image\/\",\"url\":\"https:\/\/secure.gravatar.com\/avatar\/?s=96&d=https%3A%2F%2Fwww.cetici.com%2Fteksite%2Fwp-content%2Fthemes%2Fspike_old%2Fimages%2Fgravatar.png&r=g\",\"contentUrl\":\"https:\/\/secure.gravatar.com\/avatar\/?s=96&d=https%3A%2F%2Fwww.cetici.com%2Fteksite%2Fwp-content%2Fthemes%2Fspike_old%2Fimages%2Fgravatar.png&r=g\",\"caption\":\"Teki\"},\"url\":\"https:\/\/www.cetici.com\/teksite\/author\/teki\/\"}]}<\/script>\n<!-- \/ Yoast SEO plugin. -->","yoast_head_json":{"title":"Nouveau logo pour tous les produits bio de l\u2019Union europ\u00e9enne - Teksite","robots":{"index":"index","follow":"follow","max-snippet":"max-snippet:-1","max-image-preview":"max-image-preview:large","max-video-preview":"max-video-preview:-1"},"canonical":"https:\/\/www.cetici.com\/teksite\/2010\/03\/03\/nouveau-logo-pour-tous-les-produits-bio-de-lunion-europeenne\/","og_locale":"fr_FR","og_type":"article","og_title":"Nouveau logo pour tous les produits bio de l\u2019Union europ\u00e9enne - Teksite","og_description":"Le nouveau logo bio de l&rsquo;Europ\u00e9enne choisi par les internautes, est celui propos\u00e9 par un \u00e9tudiant Allemand. Ce logo symbolise la nature et l&rsquo;Europe.","og_url":"https:\/\/www.cetici.com\/teksite\/2010\/03\/03\/nouveau-logo-pour-tous-les-produits-bio-de-lunion-europeenne\/","og_site_name":"Teksite","article_published_time":"2010-03-03T06:00:38+00:00","og_image":[{"url":"http:\/\/www.cetici.com\/teksite\/wp-content\/uploads\/2010\/03\/Logo-Bio-UE11.png"}],"author":"Teki","twitter_misc":{"\u00c9crit par":"Teki","Dur\u00e9e de lecture estim\u00e9e":"1 minute"},"schema":{"@context":"https:\/\/schema.org","@graph":[{"@type":"WebPage","@id":"https:\/\/www.cetici.com\/teksite\/2010\/03\/03\/nouveau-logo-pour-tous-les-produits-bio-de-lunion-europeenne\/","url":"https:\/\/www.cetici.com\/teksite\/2010\/03\/03\/nouveau-logo-pour-tous-les-produits-bio-de-lunion-europeenne\/","name":"Nouveau logo pour tous les produits bio de l\u2019Union europ\u00e9enne - Teksite","isPartOf":{"@id":"https:\/\/www.cetici.com\/teksite\/#website"},"primaryImageOfPage":{"@id":"https:\/\/www.cetici.com\/teksite\/2010\/03\/03\/nouveau-logo-pour-tous-les-produits-bio-de-lunion-europeenne\/#primaryimage"},"image":{"@id":"https:\/\/www.cetici.com\/teksite\/2010\/03\/03\/nouveau-logo-pour-tous-les-produits-bio-de-lunion-europeenne\/#primaryimage"},"thumbnailUrl":"http:\/\/www.cetici.com\/teksite\/wp-content\/uploads\/2010\/03\/Logo-Bio-UE11.png","datePublished":"2010-03-03T06:00:38+00:00","dateModified":"2010-03-03T06:00:38+00:00","author":{"@id":"https:\/\/www.cetici.com\/teksite\/#\/schema\/person\/183e69354673800d26ece0f9c6f6c235"},"breadcrumb":{"@id":"https:\/\/www.cetici.com\/teksite\/2010\/03\/03\/nouveau-logo-pour-tous-les-produits-bio-de-lunion-europeenne\/#breadcrumb"},"inLanguage":"fr-FR","potentialAction":[{"@type":"ReadAction","target":["https:\/\/www.cetici.com\/teksite\/2010\/03\/03\/nouveau-logo-pour-tous-les-produits-bio-de-lunion-europeenne\/"]}]},{"@type":"ImageObject","inLanguage":"fr-FR","@id":"https:\/\/www.cetici.com\/teksite\/2010\/03\/03\/nouveau-logo-pour-tous-les-produits-bio-de-lunion-europeenne\/#primaryimage","url":"http:\/\/www.cetici.com\/teksite\/wp-content\/uploads\/2010\/03\/Logo-Bio-UE11.png","contentUrl":"http:\/\/www.cetici.com\/teksite\/wp-content\/uploads\/2010\/03\/Logo-Bio-UE11.png"},{"@type":"BreadcrumbList","@id":"https:\/\/www.cetici.com\/teksite\/2010\/03\/03\/nouveau-logo-pour-tous-les-produits-bio-de-lunion-europeenne\/#breadcrumb","itemListElement":[{"@type":"ListItem","position":1,"name":"Accueil","item":"https:\/\/www.cetici.com\/teksite\/"},{"@type":"ListItem","position":2,"name":"Nouveau logo pour tous les produits bio de l\u2019Union europ\u00e9enne"}]},{"@type":"WebSite","@id":"https:\/\/www.cetici.com\/teksite\/#website","url":"https:\/\/www.cetici.com\/teksite\/","name":"Teksite","description":"","potentialAction":[{"@type":"SearchAction","target":{"@type":"EntryPoint","urlTemplate":"https:\/\/www.cetici.com\/teksite\/?s={search_term_string}"},"query-input":"required name=search_term_string"}],"inLanguage":"fr-FR"},{"@type":"Person","@id":"https:\/\/www.cetici.com\/teksite\/#\/schema\/person\/183e69354673800d26ece0f9c6f6c235","name":"Teki","image":{"@type":"ImageObject","inLanguage":"fr-FR","@id":"https:\/\/www.cetici.com\/teksite\/#\/schema\/person\/image\/","url":"https:\/\/secure.gravatar.com\/avatar\/?s=96&d=https%3A%2F%2Fwww.cetici.com%2Fteksite%2Fwp-content%2Fthemes%2Fspike_old%2Fimages%2Fgravatar.png&r=g","contentUrl":"https:\/\/secure.gravatar.com\/avatar\/?s=96&d=https%3A%2F%2Fwww.cetici.com%2Fteksite%2Fwp-content%2Fthemes%2Fspike_old%2Fimages%2Fgravatar.png&r=g","caption":"Teki"},"url":"https:\/\/www.cetici.com\/teksite\/author\/teki\/"}]}},"jetpack_sharing_enabled":true,"jetpack_featured_media_url":"","_links":{"self":[{"href":"https:\/\/www.cetici.com\/teksite\/wp-json\/wp\/v2\/posts\/547","targetHints":{"allow":["GET"]}}],"collection":[{"href":"https:\/\/www.cetici.com\/teksite\/wp-json\/wp\/v2\/posts"}],"about":[{"href":"https:\/\/www.cetici.com\/teksite\/wp-json\/wp\/v2\/types\/post"}],"author":[{"embeddable":true,"href":"https:\/\/www.cetici.com\/teksite\/wp-json\/wp\/v2\/users\/2"}],"replies":[{"embeddable":true,"href":"https:\/\/www.cetici.com\/teksite\/wp-json\/wp\/v2\/comments?post=547"}],"version-history":[{"count":0,"href":"https:\/\/www.cetici.com\/teksite\/wp-json\/wp\/v2\/posts\/547\/revisions"}],"wp:attachment":[{"href":"https:\/\/www.cetici.com\/teksite\/wp-json\/wp\/v2\/media?parent=547"}],"wp:term":[{"taxonomy":"category","embeddable":true,"href":"https:\/\/www.cetici.com\/teksite\/wp-json\/wp\/v2\/categories?post=547"},{"taxonomy":"post_tag","embeddable":true,"href":"https:\/\/www.cetici.com\/teksite\/wp-json\/wp\/v2\/tags?post=547"}],"curies":[{"name":"wp","href":"https:\/\/api.w.org\/{rel}","templated":true}]}}