{"id":935,"date":"2008-06-15T19:37:48","date_gmt":"2008-06-15T17:37:48","guid":{"rendered":"http:\/\/www.cetici.com\/cetici\/spip.php?article3"},"modified":"2008-06-15T19:37:48","modified_gmt":"2008-06-15T17:37:48","slug":"la-plus-grande-centrale-photovoltaque-de-france","status":"publish","type":"post","link":"https:\/\/www.cetici.com\/teksite\/2008\/06\/15\/la-plus-grande-centrale-photovoltaque-de-france\/","title":{"rendered":"La plus grande centrale photovolta\u00efque de France"},"content":{"rendered":"<p>Inaugur\u00e9e le 13 juin dernier, mais selon vous o\u00f9 est-elle ?<\/p>\n<p>Cinq mois de travaux, 5472 panneaux photovolta\u00efques d\u2019une puissance de 1,14 MW, elle devrait produire 1,42 GWh chaque ann\u00e9e, soit l\u2019\u00e9quivalent de la consommation annuelle de plus de 400 familles.<\/p>\n<p>Une \u00e9conomie de plus de 1655 tonnes de CO2 soit la pollution engendr\u00e9e par environ 550 voitures.<\/p>\n<p>Cette centrale photovolta\u00efque est l\u2019une des plus puissante en Europe et la plus importante en France.<\/p>\n<p>Mais o\u00f9 est donc cette centrale ? Qu\u2019est donc cette centrale ? Eh bien un parking d\u2019hypermarch\u00e9, l\u2019hyper Leclerc de Saint-Aun\u00e9s pr\u00e8s de Montpellier.<\/p>\n<p>Install\u00e9 sur des ombri\u00e8res, ces panneaux outre l\u2019int\u00e9r\u00eat en terme \u00e9nerg\u00e9tique, permettront aussi de garder \u00e0 l\u2019ombre les v\u00e9hicules des clients de l\u2019hypermarch\u00e9.<\/p>\n<p><center><div id=\"attachment_949\" style=\"width: 345px\" class=\"wp-caption aligncenter\"><a href=\"https:\/\/www.cetici.com\/teksite\/wp-content\/uploads\/2008\/06\/parkingsolaire11.jpg\"><img loading=\"lazy\" decoding=\"async\" aria-describedby=\"caption-attachment-949\" src=\"https:\/\/www.cetici.com\/teksite\/wp-content\/uploads\/2008\/06\/parkingsolaire11.jpg\" alt=\"\" title=\"parkingsolaire\" width=\"335\" height=\"251\" class=\"size-full wp-image-949\" \/><\/a><p id=\"caption-attachment-949\" class=\"wp-caption-text\">parking solaire - hypermarch\u00e9 Leclerc de saint-Aun\u00e9s- \u00a9 Conergy<\/p><\/div><\/center><\/p>\n<p>Secondaire me direz-vous, pas vraiment en fait. Les v\u00e9hicules stationnant en plein soleil se muent rapidement en sauna. Au d\u00e9marrage le syst\u00e8me d\u2019air conditionn\u00e9 fonctionne alors au maximum, avec surconsommation de carburant et la pollution en d\u00e9coulant. Le fait d\u2019\u00eatre parqu\u00e9es \u00e0 l\u2019ombre va diminuer s\u00e9rieusement le recours \u00e0 l\u2019air conditionn\u00e9 au red\u00e9marrage.<\/p>\n<p>Il reste \u00e0 esp\u00e9rer que de nombreux centres commerciaux suivent cet exemple !<\/p>\n<p>Source : <a href=\"http:\/\/www.developpementdurablelejournal.fr\/spip.php?article2525\">Journal d\u00e9veloppement durable<\/a> et <a href=\"http:\/\/www.conergy.fr\/DesktopDefault.aspx\/tabid-834\/1228_read-8854\/\">Conergy<\/a><\/p>\n","protected":false},"excerpt":{"rendered":"<p>Inaugur\u00e9e le 13 juin dernier, mais selon vous o\u00f9 est-elle ? Cinq mois de travaux, 5472 panneaux photovolta\u00efques d\u2019une puissance de 1,14 MW, elle devrait produire 1,42 GWh chaque ann\u00e9e, soit l\u2019\u00e9quivalent de la consommation annuelle de plus de 400 familles. Une \u00e9conomie de plus de 1655 tonnes de CO2 soit la pollution engendr\u00e9e par environ 550 voitures. Cette centrale photovolta\u00efque est l\u2019une des plus puissante en Europe et la plus importante en France. Mais o\u00f9 est donc cette centrale ? Qu\u2019est donc cette centrale ? Eh bien un parking d\u2019hypermarch\u00e9, l\u2019hyper Leclerc de Saint-Aun\u00e9s pr\u00e8s de Montpellier. Install\u00e9 sur [&hellip;]<\/p>\n","protected":false},"author":1,"featured_media":0,"comment_status":"open","ping_status":"open","sticky":false,"template":"","format":"standard","meta":{"_jetpack_memberships_contains_paid_content":false,"footnotes":""},"categories":[12,5],"tags":[272,319,452],"class_list":["post-935","post","type-post","status-publish","format-standard","hentry","category-developpement-durable","category-ecologie","tag-centrale","tag-energie","tag-photovoltaique"],"yoast_head":"<!-- This site is optimized with the Yoast SEO plugin v22.8 - https:\/\/yoast.com\/wordpress\/plugins\/seo\/ -->\n<title>La plus grande centrale photovolta\u00efque de France - Teksite<\/title>\n<meta name=\"robots\" content=\"index, follow, max-snippet:-1, max-image-preview:large, max-video-preview:-1\" \/>\n<link rel=\"canonical\" href=\"https:\/\/www.cetici.com\/teksite\/2008\/06\/15\/la-plus-grande-centrale-photovoltaque-de-france\/\" \/>\n<meta property=\"og:locale\" content=\"fr_FR\" \/>\n<meta property=\"og:type\" content=\"article\" \/>\n<meta property=\"og:title\" content=\"La plus grande centrale photovolta\u00efque de France - Teksite\" \/>\n<meta property=\"og:description\" content=\"Inaugur\u00e9e le 13 juin dernier, mais selon vous o\u00f9 est-elle ? Cinq mois de travaux, 5472 panneaux photovolta\u00efques d\u2019une puissance de 1,14 MW, elle devrait produire 1,42 GWh chaque ann\u00e9e, soit l\u2019\u00e9quivalent de la consommation annuelle de plus de 400 familles. Une \u00e9conomie de plus de 1655 tonnes de CO2 soit la pollution engendr\u00e9e par environ 550 voitures. Cette centrale photovolta\u00efque est l\u2019une des plus puissante en Europe et la plus importante en France. Mais o\u00f9 est donc cette centrale ? Qu\u2019est donc cette centrale ? Eh bien un parking d\u2019hypermarch\u00e9, l\u2019hyper Leclerc de Saint-Aun\u00e9s pr\u00e8s de Montpellier. Install\u00e9 sur [&hellip;]\" \/>\n<meta property=\"og:url\" content=\"https:\/\/www.cetici.com\/teksite\/2008\/06\/15\/la-plus-grande-centrale-photovoltaque-de-france\/\" \/>\n<meta property=\"og:site_name\" content=\"Teksite\" \/>\n<meta property=\"article:published_time\" content=\"2008-06-15T17:37:48+00:00\" \/>\n<meta property=\"og:image\" content=\"http:\/\/www.cetici.com\/teksite\/wp-content\/uploads\/2008\/06\/parkingsolaire11.jpg\" \/>\n<meta name=\"author\" content=\"Teki\" \/>\n<meta name=\"twitter:label1\" content=\"\u00c9crit par\" \/>\n\t<meta name=\"twitter:data1\" content=\"Teki\" \/>\n\t<meta name=\"twitter:label2\" content=\"Dur\u00e9e de lecture estim\u00e9e\" \/>\n\t<meta name=\"twitter:data2\" content=\"1 minute\" \/>\n<script type=\"application\/ld+json\" class=\"yoast-schema-graph\">{\"@context\":\"https:\/\/schema.org\",\"@graph\":[{\"@type\":\"WebPage\",\"@id\":\"https:\/\/www.cetici.com\/teksite\/2008\/06\/15\/la-plus-grande-centrale-photovoltaque-de-france\/\",\"url\":\"https:\/\/www.cetici.com\/teksite\/2008\/06\/15\/la-plus-grande-centrale-photovoltaque-de-france\/\",\"name\":\"La plus grande centrale photovolta\u00efque de France - Teksite\",\"isPartOf\":{\"@id\":\"https:\/\/www.cetici.com\/teksite\/#website\"},\"primaryImageOfPage\":{\"@id\":\"https:\/\/www.cetici.com\/teksite\/2008\/06\/15\/la-plus-grande-centrale-photovoltaque-de-france\/#primaryimage\"},\"image\":{\"@id\":\"https:\/\/www.cetici.com\/teksite\/2008\/06\/15\/la-plus-grande-centrale-photovoltaque-de-france\/#primaryimage\"},\"thumbnailUrl\":\"http:\/\/www.cetici.com\/teksite\/wp-content\/uploads\/2008\/06\/parkingsolaire11.jpg\",\"datePublished\":\"2008-06-15T17:37:48+00:00\",\"dateModified\":\"2008-06-15T17:37:48+00:00\",\"author\":{\"@id\":\"https:\/\/www.cetici.com\/teksite\/#\/schema\/person\/85710e4126d62ea551450b78a501e927\"},\"breadcrumb\":{\"@id\":\"https:\/\/www.cetici.com\/teksite\/2008\/06\/15\/la-plus-grande-centrale-photovoltaque-de-france\/#breadcrumb\"},\"inLanguage\":\"fr-FR\",\"potentialAction\":[{\"@type\":\"ReadAction\",\"target\":[\"https:\/\/www.cetici.com\/teksite\/2008\/06\/15\/la-plus-grande-centrale-photovoltaque-de-france\/\"]}]},{\"@type\":\"ImageObject\",\"inLanguage\":\"fr-FR\",\"@id\":\"https:\/\/www.cetici.com\/teksite\/2008\/06\/15\/la-plus-grande-centrale-photovoltaque-de-france\/#primaryimage\",\"url\":\"http:\/\/www.cetici.com\/teksite\/wp-content\/uploads\/2008\/06\/parkingsolaire11.jpg\",\"contentUrl\":\"http:\/\/www.cetici.com\/teksite\/wp-content\/uploads\/2008\/06\/parkingsolaire11.jpg\"},{\"@type\":\"BreadcrumbList\",\"@id\":\"https:\/\/www.cetici.com\/teksite\/2008\/06\/15\/la-plus-grande-centrale-photovoltaque-de-france\/#breadcrumb\",\"itemListElement\":[{\"@type\":\"ListItem\",\"position\":1,\"name\":\"Accueil\",\"item\":\"https:\/\/www.cetici.com\/teksite\/\"},{\"@type\":\"ListItem\",\"position\":2,\"name\":\"La plus grande centrale photovolta\u00efque de France\"}]},{\"@type\":\"WebSite\",\"@id\":\"https:\/\/www.cetici.com\/teksite\/#website\",\"url\":\"https:\/\/www.cetici.com\/teksite\/\",\"name\":\"Teksite\",\"description\":\"\",\"potentialAction\":[{\"@type\":\"SearchAction\",\"target\":{\"@type\":\"EntryPoint\",\"urlTemplate\":\"https:\/\/www.cetici.com\/teksite\/?s={search_term_string}\"},\"query-input\":\"required name=search_term_string\"}],\"inLanguage\":\"fr-FR\"},{\"@type\":\"Person\",\"@id\":\"https:\/\/www.cetici.com\/teksite\/#\/schema\/person\/85710e4126d62ea551450b78a501e927\",\"name\":\"Teki\",\"image\":{\"@type\":\"ImageObject\",\"inLanguage\":\"fr-FR\",\"@id\":\"https:\/\/www.cetici.com\/teksite\/#\/schema\/person\/image\/\",\"url\":\"https:\/\/secure.gravatar.com\/avatar\/1116b06e3b4c2ebfa9701704f7f385d866e18539e9b1dac7191ebd77566e2d2b?s=96&d=https%3A%2F%2Fwww.cetici.com%2Fteksite%2Fwp-content%2Fthemes%2Fspike_old%2Fimages%2Fgravatar.png&r=g\",\"contentUrl\":\"https:\/\/secure.gravatar.com\/avatar\/1116b06e3b4c2ebfa9701704f7f385d866e18539e9b1dac7191ebd77566e2d2b?s=96&d=https%3A%2F%2Fwww.cetici.com%2Fteksite%2Fwp-content%2Fthemes%2Fspike_old%2Fimages%2Fgravatar.png&r=g\",\"caption\":\"Teki\"},\"url\":\"https:\/\/www.cetici.com\/teksite\/author\/admin\/\"}]}<\/script>\n<!-- \/ Yoast SEO plugin. -->","yoast_head_json":{"title":"La plus grande centrale photovolta\u00efque de France - Teksite","robots":{"index":"index","follow":"follow","max-snippet":"max-snippet:-1","max-image-preview":"max-image-preview:large","max-video-preview":"max-video-preview:-1"},"canonical":"https:\/\/www.cetici.com\/teksite\/2008\/06\/15\/la-plus-grande-centrale-photovoltaque-de-france\/","og_locale":"fr_FR","og_type":"article","og_title":"La plus grande centrale photovolta\u00efque de France - Teksite","og_description":"Inaugur\u00e9e le 13 juin dernier, mais selon vous o\u00f9 est-elle ? Cinq mois de travaux, 5472 panneaux photovolta\u00efques d\u2019une puissance de 1,14 MW, elle devrait produire 1,42 GWh chaque ann\u00e9e, soit l\u2019\u00e9quivalent de la consommation annuelle de plus de 400 familles. Une \u00e9conomie de plus de 1655 tonnes de CO2 soit la pollution engendr\u00e9e par environ 550 voitures. Cette centrale photovolta\u00efque est l\u2019une des plus puissante en Europe et la plus importante en France. Mais o\u00f9 est donc cette centrale ? Qu\u2019est donc cette centrale ? Eh bien un parking d\u2019hypermarch\u00e9, l\u2019hyper Leclerc de Saint-Aun\u00e9s pr\u00e8s de Montpellier. Install\u00e9 sur [&hellip;]","og_url":"https:\/\/www.cetici.com\/teksite\/2008\/06\/15\/la-plus-grande-centrale-photovoltaque-de-france\/","og_site_name":"Teksite","article_published_time":"2008-06-15T17:37:48+00:00","og_image":[{"url":"http:\/\/www.cetici.com\/teksite\/wp-content\/uploads\/2008\/06\/parkingsolaire11.jpg"}],"author":"Teki","twitter_misc":{"\u00c9crit par":"Teki","Dur\u00e9e de lecture estim\u00e9e":"1 minute"},"schema":{"@context":"https:\/\/schema.org","@graph":[{"@type":"WebPage","@id":"https:\/\/www.cetici.com\/teksite\/2008\/06\/15\/la-plus-grande-centrale-photovoltaque-de-france\/","url":"https:\/\/www.cetici.com\/teksite\/2008\/06\/15\/la-plus-grande-centrale-photovoltaque-de-france\/","name":"La plus grande centrale photovolta\u00efque de France - Teksite","isPartOf":{"@id":"https:\/\/www.cetici.com\/teksite\/#website"},"primaryImageOfPage":{"@id":"https:\/\/www.cetici.com\/teksite\/2008\/06\/15\/la-plus-grande-centrale-photovoltaque-de-france\/#primaryimage"},"image":{"@id":"https:\/\/www.cetici.com\/teksite\/2008\/06\/15\/la-plus-grande-centrale-photovoltaque-de-france\/#primaryimage"},"thumbnailUrl":"http:\/\/www.cetici.com\/teksite\/wp-content\/uploads\/2008\/06\/parkingsolaire11.jpg","datePublished":"2008-06-15T17:37:48+00:00","dateModified":"2008-06-15T17:37:48+00:00","author":{"@id":"https:\/\/www.cetici.com\/teksite\/#\/schema\/person\/85710e4126d62ea551450b78a501e927"},"breadcrumb":{"@id":"https:\/\/www.cetici.com\/teksite\/2008\/06\/15\/la-plus-grande-centrale-photovoltaque-de-france\/#breadcrumb"},"inLanguage":"fr-FR","potentialAction":[{"@type":"ReadAction","target":["https:\/\/www.cetici.com\/teksite\/2008\/06\/15\/la-plus-grande-centrale-photovoltaque-de-france\/"]}]},{"@type":"ImageObject","inLanguage":"fr-FR","@id":"https:\/\/www.cetici.com\/teksite\/2008\/06\/15\/la-plus-grande-centrale-photovoltaque-de-france\/#primaryimage","url":"http:\/\/www.cetici.com\/teksite\/wp-content\/uploads\/2008\/06\/parkingsolaire11.jpg","contentUrl":"http:\/\/www.cetici.com\/teksite\/wp-content\/uploads\/2008\/06\/parkingsolaire11.jpg"},{"@type":"BreadcrumbList","@id":"https:\/\/www.cetici.com\/teksite\/2008\/06\/15\/la-plus-grande-centrale-photovoltaque-de-france\/#breadcrumb","itemListElement":[{"@type":"ListItem","position":1,"name":"Accueil","item":"https:\/\/www.cetici.com\/teksite\/"},{"@type":"ListItem","position":2,"name":"La plus grande centrale photovolta\u00efque de France"}]},{"@type":"WebSite","@id":"https:\/\/www.cetici.com\/teksite\/#website","url":"https:\/\/www.cetici.com\/teksite\/","name":"Teksite","description":"","potentialAction":[{"@type":"SearchAction","target":{"@type":"EntryPoint","urlTemplate":"https:\/\/www.cetici.com\/teksite\/?s={search_term_string}"},"query-input":"required name=search_term_string"}],"inLanguage":"fr-FR"},{"@type":"Person","@id":"https:\/\/www.cetici.com\/teksite\/#\/schema\/person\/85710e4126d62ea551450b78a501e927","name":"Teki","image":{"@type":"ImageObject","inLanguage":"fr-FR","@id":"https:\/\/www.cetici.com\/teksite\/#\/schema\/person\/image\/","url":"https:\/\/secure.gravatar.com\/avatar\/1116b06e3b4c2ebfa9701704f7f385d866e18539e9b1dac7191ebd77566e2d2b?s=96&d=https%3A%2F%2Fwww.cetici.com%2Fteksite%2Fwp-content%2Fthemes%2Fspike_old%2Fimages%2Fgravatar.png&r=g","contentUrl":"https:\/\/secure.gravatar.com\/avatar\/1116b06e3b4c2ebfa9701704f7f385d866e18539e9b1dac7191ebd77566e2d2b?s=96&d=https%3A%2F%2Fwww.cetici.com%2Fteksite%2Fwp-content%2Fthemes%2Fspike_old%2Fimages%2Fgravatar.png&r=g","caption":"Teki"},"url":"https:\/\/www.cetici.com\/teksite\/author\/admin\/"}]}},"jetpack_sharing_enabled":true,"jetpack_featured_media_url":"","_links":{"self":[{"href":"https:\/\/www.cetici.com\/teksite\/wp-json\/wp\/v2\/posts\/935","targetHints":{"allow":["GET"]}}],"collection":[{"href":"https:\/\/www.cetici.com\/teksite\/wp-json\/wp\/v2\/posts"}],"about":[{"href":"https:\/\/www.cetici.com\/teksite\/wp-json\/wp\/v2\/types\/post"}],"author":[{"embeddable":true,"href":"https:\/\/www.cetici.com\/teksite\/wp-json\/wp\/v2\/users\/1"}],"replies":[{"embeddable":true,"href":"https:\/\/www.cetici.com\/teksite\/wp-json\/wp\/v2\/comments?post=935"}],"version-history":[{"count":0,"href":"https:\/\/www.cetici.com\/teksite\/wp-json\/wp\/v2\/posts\/935\/revisions"}],"wp:attachment":[{"href":"https:\/\/www.cetici.com\/teksite\/wp-json\/wp\/v2\/media?parent=935"}],"wp:term":[{"taxonomy":"category","embeddable":true,"href":"https:\/\/www.cetici.com\/teksite\/wp-json\/wp\/v2\/categories?post=935"},{"taxonomy":"post_tag","embeddable":true,"href":"https:\/\/www.cetici.com\/teksite\/wp-json\/wp\/v2\/tags?post=935"}],"curies":[{"name":"wp","href":"https:\/\/api.w.org\/{rel}","templated":true}]}}