{"id":981,"date":"2010-11-03T11:29:38","date_gmt":"2010-11-03T09:29:38","guid":{"rendered":"http:\/\/www.cetici.com\/teksite\/?p=981"},"modified":"2010-11-03T11:29:38","modified_gmt":"2010-11-03T09:29:38","slug":"le-retour-du-faucon","status":"publish","type":"post","link":"https:\/\/www.cetici.com\/teksite\/2010\/11\/03\/le-retour-du-faucon\/","title":{"rendered":"Le Retour du Faucon"},"content":{"rendered":"<p style=\"text-align: justify;\">Les villes deviennent de plus en plus des rep\u00e8res pour la biodiversit\u00e9 et si l&rsquo;on a rep\u00e9r\u00e9 depuis longtemps des rapaces dans des villes comme Paris. A Lille c&rsquo;est beaucoup plus r\u00e9cent.<\/p>\n<p style=\"text-align: justify;\">C&rsquo;est en avril dernier que les premiers faucons p\u00e8lerins ont \u00e9t\u00e9 remarqu\u00e9s \u00e0 Lille, un couple ayant \u00e9lu domicile  au sommet d&rsquo;une tour  dans le nouveau quartier de Lille Europe, mais des travaux de r\u00e9fection de la toiture du b\u00e2timent avaient d\u00e9rang\u00e9 le couple qui devait s&rsquo;y \u00eatre install\u00e9 au vu des d\u00e9bris (fientes, ailes de petits oiseaux, oeufs cass\u00e9s) retrouv\u00e9s sur place.<\/p>\n<p style=\"text-align: justify;\">Andr\u00e9 Berton, du Groupe ornithologique et naturaliste du Nord (GON), estime qu&rsquo;ils se sont install\u00e9s sur Lille il y a deux ou trois ans. Disparu dans les ann\u00e9es 70, le faucon p\u00e8lerin est donc de retour dans la capitale des Flandres.<\/p>\n<p><a href=\"https:\/\/www.cetici.com\/teksite\/wp-content\/uploads\/2010\/11\/eglise11.jpg\"><img loading=\"lazy\" decoding=\"async\" class=\"aligncenter size-full wp-image-982\" title=\"eglise\" src=\"https:\/\/www.cetici.com\/teksite\/wp-content\/uploads\/2010\/11\/eglise11.jpg\" alt=\"\" width=\"320\" height=\"427\" \/><\/a><\/p>\n<p style=\"text-align: justify;\">La municipalit\u00e9 a donc fait install\u00e9 un premier nichoir \u00e0 rapaces sur le clocher de l&rsquo;\u00e9glise du Sacr\u00e9-C\u0153ur, \u00e0 l&rsquo;intersection des rues Nationale et Solf\u00e9rino. Ce clocher ayant \u00e9t\u00e9 rep\u00e9r\u00e9 comme \u00e9tant leur \u00a0\u00bb\u00a0restaurant\u00a0\u00a0\u00bb avec au menu les nombreux pigeons logeant aux environs. Et si ce retour n&rsquo;est pas au  go\u00fbt des colombophiles nombreux dans la r\u00e9gion, pour ma part il m&rsquo;enchante et j&rsquo;esp\u00e8re \u2013 \u00e9tant \u00e0 moins de 100 m\u00e8tres \u00e0 vol de rapace de leur possible futur nid d&rsquo;amour &#8211;  qu&rsquo;ils nous d\u00e9barrasseront de ces pigeons qui me narguent \u00e0 quelques m\u00e8tres de mes fen\u00eatres. Je HAIS les pigeons\u00a0!<\/p>\n<p style=\"text-align: justify;\">Dans le Nord il y a une demi douzaine de couple de faucons p\u00e8lerins recens\u00e9s les d\u00e9g\u00e2ts dans les colombiers restent donc marginaux, mais les colombophiles veulent d\u00e8s maintenant r\u00e9guler la prolif\u00e9ration de ces rapaces. Il faut dire que si un pigeon de concours vaut dans les 500 \u20ac, certains atteignent les 150 000 \u20ac\u00a0! Tout \u00e7a pour une sale b\u00eate\u00a0!<\/p>\n<p style=\"text-align: justify;\">Le nichoir install\u00e9 est une caisse d&rsquo;un m\u00e8tre de profondeur sur 70 cm. Incrust\u00e9e dans l&rsquo;une des ouverture du clocher \u00e0 plus de 50 m de haut et orient\u00e9e plein sud, garnie de petits cailloux ronds pour ne pas ab\u00eemer les oeufs. M\u00eame si Martine Aubry est tr\u00e8s oppos\u00e9e aux cam\u00e9ras de surveillance en ville, la mairie envisage d&rsquo;y installer  une webcam;) Et ce serait une tr\u00e8s bonne id\u00e9e\u00a0!<\/p>\n<p style=\"text-align: justify;\">Bien s\u00fbr on ne sait pas si le couple de faucons viendra nidifier en janvier, mais le g\u00eete et le couvert sont pr\u00eats.<br \/>\nDes n\u00e9gociations avec la SAEM Euralille et le syndic de l&rsquo;immeuble sont en cours pour un deuxi\u00e8me nichoir. Ce second nichoir serait donc \u00e0 1 km \u00e0 vol d&rsquo;oiseau de celui du Sacr\u00e9 c\u0153ur, distance id\u00e9ale qui doit exister entre deux nichoirs.<br \/>\nUn troisi\u00e8me nichoir est envisag\u00e9 du c\u00f4t\u00e9 de la rue Gustave Delory sur le toit du conseil g\u00e9n\u00e9ral.<\/p>\n<p style=\"text-align: justify;\">Une photo du nichoir est visible dans l&rsquo;article de <a href=\"http:\/\/www.metrofrance.com\/info-locale\/le-faucon-est-le-bienvenu-a-lille\/pjjy!TtMEWYfH01s57@PWYZmAw\/\" target=\"_blank\">M\u00e9tro<\/a><\/p>\n<div id=\"attachment_983\" style=\"width: 209px\" class=\"wp-caption alignleft\"><a href=\"https:\/\/www.cetici.com\/teksite\/wp-content\/uploads\/2010\/11\/c11.gif\"><img loading=\"lazy\" decoding=\"async\" aria-describedby=\"caption-attachment-983\" class=\"size-full wp-image-983\" title=\"http:\/\/animaux.m-y-d-s.com\/bird\/falcon\/\" src=\"https:\/\/www.cetici.com\/teksite\/wp-content\/uploads\/2010\/11\/c11.gif\" alt=\"http:\/\/animaux.m-y-d-s.com\/bird\/falcon\/\" width=\"199\" height=\"200\" \/><\/a><p id=\"caption-attachment-983\" class=\"wp-caption-text\">http:\/\/animaux.m-y-d-s.com\/bird\/falcon\/<\/p><\/div>\n<p style=\"text-align: justify;\">Le faucon p\u00e8lerin est rapace robuste ornithophage de belle taille. Il peut mesurer de 40 \u00e0 45 cm et d\u00e9ployer ses ailes sur 1 m\u00e8tre. C&rsquo;est donc d\u00e9j\u00e0 une belle b\u00eate et qui a besoin de viande fra\u00eeche pour se sustenter. Tr\u00e8s rapide il se jette sur ses proies en plein vol en piquant \u00e0 plus de 200 km\/h et habituellement niche plut\u00f4t dans les falaises. Il n&rsquo;aime pas \u00eatre d\u00e9rang\u00e9 et m\u00eame s&rsquo;il s&rsquo;app\u00e8le \u00a0\u00bb\u00a0p\u00e8lerin\u00a0\u00a0\u00bb c&rsquo;est en fait un s\u00e9dentaire.<\/p>\n<p style=\"text-align: justify;\">\n<p>Le cri du <a href='http:\/\/www.deezer.com\/listen-271220' target=\"_blank\">Faucon p\u00e8lerin<\/a><\/p>\n","protected":false},"excerpt":{"rendered":"<p>Les villes deviennent de plus en plus des rep\u00e8res pour la biodiversit\u00e9 et si l&rsquo;on a rep\u00e9r\u00e9 depuis longtemps des rapaces dans des villes comme Paris. A Lille c&rsquo;est beaucoup plus r\u00e9cent. C&rsquo;est en avril dernier que les premiers faucons p\u00e8lerins ont \u00e9t\u00e9 remarqu\u00e9s \u00e0 Lille, un couple ayant \u00e9lu domicile au sommet d&rsquo;une tour dans le nouveau quartier de Lille Europe, mais des travaux de r\u00e9fection de la toiture du b\u00e2timent avaient d\u00e9rang\u00e9 le couple qui devait s&rsquo;y \u00eatre install\u00e9 au vu des d\u00e9bris (fientes, ailes de petits oiseaux, oeufs cass\u00e9s) retrouv\u00e9s sur place. Andr\u00e9 Berton, du Groupe ornithologique [&hellip;]<\/p>\n","protected":false},"author":1,"featured_media":0,"comment_status":"open","ping_status":"open","sticky":false,"template":"","format":"standard","meta":{"_jetpack_memberships_contains_paid_content":false,"footnotes":""},"categories":[9,5],"tags":[331,114],"class_list":["post-981","post","type-post","status-publish","format-standard","hentry","category-biodiversite","category-ecologie","tag-faucon","tag-lille"],"yoast_head":"<!-- This site is optimized with the Yoast SEO plugin v22.8 - https:\/\/yoast.com\/wordpress\/plugins\/seo\/ -->\n<title>Le Retour du Faucon - Teksite<\/title>\n<meta name=\"robots\" content=\"index, follow, max-snippet:-1, max-image-preview:large, max-video-preview:-1\" \/>\n<link rel=\"canonical\" href=\"https:\/\/www.cetici.com\/teksite\/2010\/11\/03\/le-retour-du-faucon\/\" \/>\n<meta property=\"og:locale\" content=\"fr_FR\" \/>\n<meta property=\"og:type\" content=\"article\" \/>\n<meta property=\"og:title\" content=\"Le Retour du Faucon - Teksite\" \/>\n<meta property=\"og:description\" content=\"Les villes deviennent de plus en plus des rep\u00e8res pour la biodiversit\u00e9 et si l&rsquo;on a rep\u00e9r\u00e9 depuis longtemps des rapaces dans des villes comme Paris. A Lille c&rsquo;est beaucoup plus r\u00e9cent. C&rsquo;est en avril dernier que les premiers faucons p\u00e8lerins ont \u00e9t\u00e9 remarqu\u00e9s \u00e0 Lille, un couple ayant \u00e9lu domicile au sommet d&rsquo;une tour dans le nouveau quartier de Lille Europe, mais des travaux de r\u00e9fection de la toiture du b\u00e2timent avaient d\u00e9rang\u00e9 le couple qui devait s&rsquo;y \u00eatre install\u00e9 au vu des d\u00e9bris (fientes, ailes de petits oiseaux, oeufs cass\u00e9s) retrouv\u00e9s sur place. Andr\u00e9 Berton, du Groupe ornithologique [&hellip;]\" \/>\n<meta property=\"og:url\" content=\"https:\/\/www.cetici.com\/teksite\/2010\/11\/03\/le-retour-du-faucon\/\" \/>\n<meta property=\"og:site_name\" content=\"Teksite\" \/>\n<meta property=\"article:published_time\" content=\"2010-11-03T09:29:38+00:00\" \/>\n<meta property=\"og:image\" content=\"http:\/\/www.cetici.com\/teksite\/wp-content\/uploads\/2010\/11\/eglise11.jpg\" \/>\n<meta name=\"author\" content=\"Teki\" \/>\n<meta name=\"twitter:label1\" content=\"\u00c9crit par\" \/>\n\t<meta name=\"twitter:data1\" content=\"Teki\" \/>\n\t<meta name=\"twitter:label2\" content=\"Dur\u00e9e de lecture estim\u00e9e\" \/>\n\t<meta name=\"twitter:data2\" content=\"3 minutes\" \/>\n<script type=\"application\/ld+json\" class=\"yoast-schema-graph\">{\"@context\":\"https:\/\/schema.org\",\"@graph\":[{\"@type\":\"WebPage\",\"@id\":\"https:\/\/www.cetici.com\/teksite\/2010\/11\/03\/le-retour-du-faucon\/\",\"url\":\"https:\/\/www.cetici.com\/teksite\/2010\/11\/03\/le-retour-du-faucon\/\",\"name\":\"Le Retour du Faucon - Teksite\",\"isPartOf\":{\"@id\":\"https:\/\/www.cetici.com\/teksite\/#website\"},\"primaryImageOfPage\":{\"@id\":\"https:\/\/www.cetici.com\/teksite\/2010\/11\/03\/le-retour-du-faucon\/#primaryimage\"},\"image\":{\"@id\":\"https:\/\/www.cetici.com\/teksite\/2010\/11\/03\/le-retour-du-faucon\/#primaryimage\"},\"thumbnailUrl\":\"http:\/\/www.cetici.com\/teksite\/wp-content\/uploads\/2010\/11\/eglise11.jpg\",\"datePublished\":\"2010-11-03T09:29:38+00:00\",\"dateModified\":\"2010-11-03T09:29:38+00:00\",\"author\":{\"@id\":\"https:\/\/www.cetici.com\/teksite\/#\/schema\/person\/85710e4126d62ea551450b78a501e927\"},\"breadcrumb\":{\"@id\":\"https:\/\/www.cetici.com\/teksite\/2010\/11\/03\/le-retour-du-faucon\/#breadcrumb\"},\"inLanguage\":\"fr-FR\",\"potentialAction\":[{\"@type\":\"ReadAction\",\"target\":[\"https:\/\/www.cetici.com\/teksite\/2010\/11\/03\/le-retour-du-faucon\/\"]}]},{\"@type\":\"ImageObject\",\"inLanguage\":\"fr-FR\",\"@id\":\"https:\/\/www.cetici.com\/teksite\/2010\/11\/03\/le-retour-du-faucon\/#primaryimage\",\"url\":\"http:\/\/www.cetici.com\/teksite\/wp-content\/uploads\/2010\/11\/eglise11.jpg\",\"contentUrl\":\"http:\/\/www.cetici.com\/teksite\/wp-content\/uploads\/2010\/11\/eglise11.jpg\"},{\"@type\":\"BreadcrumbList\",\"@id\":\"https:\/\/www.cetici.com\/teksite\/2010\/11\/03\/le-retour-du-faucon\/#breadcrumb\",\"itemListElement\":[{\"@type\":\"ListItem\",\"position\":1,\"name\":\"Accueil\",\"item\":\"https:\/\/www.cetici.com\/teksite\/\"},{\"@type\":\"ListItem\",\"position\":2,\"name\":\"Le Retour du Faucon\"}]},{\"@type\":\"WebSite\",\"@id\":\"https:\/\/www.cetici.com\/teksite\/#website\",\"url\":\"https:\/\/www.cetici.com\/teksite\/\",\"name\":\"Teksite\",\"description\":\"\",\"potentialAction\":[{\"@type\":\"SearchAction\",\"target\":{\"@type\":\"EntryPoint\",\"urlTemplate\":\"https:\/\/www.cetici.com\/teksite\/?s={search_term_string}\"},\"query-input\":\"required name=search_term_string\"}],\"inLanguage\":\"fr-FR\"},{\"@type\":\"Person\",\"@id\":\"https:\/\/www.cetici.com\/teksite\/#\/schema\/person\/85710e4126d62ea551450b78a501e927\",\"name\":\"Teki\",\"image\":{\"@type\":\"ImageObject\",\"inLanguage\":\"fr-FR\",\"@id\":\"https:\/\/www.cetici.com\/teksite\/#\/schema\/person\/image\/\",\"url\":\"https:\/\/secure.gravatar.com\/avatar\/1116b06e3b4c2ebfa9701704f7f385d866e18539e9b1dac7191ebd77566e2d2b?s=96&d=https%3A%2F%2Fwww.cetici.com%2Fteksite%2Fwp-content%2Fthemes%2Fspike_old%2Fimages%2Fgravatar.png&r=g\",\"contentUrl\":\"https:\/\/secure.gravatar.com\/avatar\/1116b06e3b4c2ebfa9701704f7f385d866e18539e9b1dac7191ebd77566e2d2b?s=96&d=https%3A%2F%2Fwww.cetici.com%2Fteksite%2Fwp-content%2Fthemes%2Fspike_old%2Fimages%2Fgravatar.png&r=g\",\"caption\":\"Teki\"},\"url\":\"https:\/\/www.cetici.com\/teksite\/author\/admin\/\"}]}<\/script>\n<!-- \/ Yoast SEO plugin. -->","yoast_head_json":{"title":"Le Retour du Faucon - Teksite","robots":{"index":"index","follow":"follow","max-snippet":"max-snippet:-1","max-image-preview":"max-image-preview:large","max-video-preview":"max-video-preview:-1"},"canonical":"https:\/\/www.cetici.com\/teksite\/2010\/11\/03\/le-retour-du-faucon\/","og_locale":"fr_FR","og_type":"article","og_title":"Le Retour du Faucon - Teksite","og_description":"Les villes deviennent de plus en plus des rep\u00e8res pour la biodiversit\u00e9 et si l&rsquo;on a rep\u00e9r\u00e9 depuis longtemps des rapaces dans des villes comme Paris. A Lille c&rsquo;est beaucoup plus r\u00e9cent. C&rsquo;est en avril dernier que les premiers faucons p\u00e8lerins ont \u00e9t\u00e9 remarqu\u00e9s \u00e0 Lille, un couple ayant \u00e9lu domicile au sommet d&rsquo;une tour dans le nouveau quartier de Lille Europe, mais des travaux de r\u00e9fection de la toiture du b\u00e2timent avaient d\u00e9rang\u00e9 le couple qui devait s&rsquo;y \u00eatre install\u00e9 au vu des d\u00e9bris (fientes, ailes de petits oiseaux, oeufs cass\u00e9s) retrouv\u00e9s sur place. Andr\u00e9 Berton, du Groupe ornithologique [&hellip;]","og_url":"https:\/\/www.cetici.com\/teksite\/2010\/11\/03\/le-retour-du-faucon\/","og_site_name":"Teksite","article_published_time":"2010-11-03T09:29:38+00:00","og_image":[{"url":"http:\/\/www.cetici.com\/teksite\/wp-content\/uploads\/2010\/11\/eglise11.jpg"}],"author":"Teki","twitter_misc":{"\u00c9crit par":"Teki","Dur\u00e9e de lecture estim\u00e9e":"3 minutes"},"schema":{"@context":"https:\/\/schema.org","@graph":[{"@type":"WebPage","@id":"https:\/\/www.cetici.com\/teksite\/2010\/11\/03\/le-retour-du-faucon\/","url":"https:\/\/www.cetici.com\/teksite\/2010\/11\/03\/le-retour-du-faucon\/","name":"Le Retour du Faucon - Teksite","isPartOf":{"@id":"https:\/\/www.cetici.com\/teksite\/#website"},"primaryImageOfPage":{"@id":"https:\/\/www.cetici.com\/teksite\/2010\/11\/03\/le-retour-du-faucon\/#primaryimage"},"image":{"@id":"https:\/\/www.cetici.com\/teksite\/2010\/11\/03\/le-retour-du-faucon\/#primaryimage"},"thumbnailUrl":"http:\/\/www.cetici.com\/teksite\/wp-content\/uploads\/2010\/11\/eglise11.jpg","datePublished":"2010-11-03T09:29:38+00:00","dateModified":"2010-11-03T09:29:38+00:00","author":{"@id":"https:\/\/www.cetici.com\/teksite\/#\/schema\/person\/85710e4126d62ea551450b78a501e927"},"breadcrumb":{"@id":"https:\/\/www.cetici.com\/teksite\/2010\/11\/03\/le-retour-du-faucon\/#breadcrumb"},"inLanguage":"fr-FR","potentialAction":[{"@type":"ReadAction","target":["https:\/\/www.cetici.com\/teksite\/2010\/11\/03\/le-retour-du-faucon\/"]}]},{"@type":"ImageObject","inLanguage":"fr-FR","@id":"https:\/\/www.cetici.com\/teksite\/2010\/11\/03\/le-retour-du-faucon\/#primaryimage","url":"http:\/\/www.cetici.com\/teksite\/wp-content\/uploads\/2010\/11\/eglise11.jpg","contentUrl":"http:\/\/www.cetici.com\/teksite\/wp-content\/uploads\/2010\/11\/eglise11.jpg"},{"@type":"BreadcrumbList","@id":"https:\/\/www.cetici.com\/teksite\/2010\/11\/03\/le-retour-du-faucon\/#breadcrumb","itemListElement":[{"@type":"ListItem","position":1,"name":"Accueil","item":"https:\/\/www.cetici.com\/teksite\/"},{"@type":"ListItem","position":2,"name":"Le Retour du Faucon"}]},{"@type":"WebSite","@id":"https:\/\/www.cetici.com\/teksite\/#website","url":"https:\/\/www.cetici.com\/teksite\/","name":"Teksite","description":"","potentialAction":[{"@type":"SearchAction","target":{"@type":"EntryPoint","urlTemplate":"https:\/\/www.cetici.com\/teksite\/?s={search_term_string}"},"query-input":"required name=search_term_string"}],"inLanguage":"fr-FR"},{"@type":"Person","@id":"https:\/\/www.cetici.com\/teksite\/#\/schema\/person\/85710e4126d62ea551450b78a501e927","name":"Teki","image":{"@type":"ImageObject","inLanguage":"fr-FR","@id":"https:\/\/www.cetici.com\/teksite\/#\/schema\/person\/image\/","url":"https:\/\/secure.gravatar.com\/avatar\/1116b06e3b4c2ebfa9701704f7f385d866e18539e9b1dac7191ebd77566e2d2b?s=96&d=https%3A%2F%2Fwww.cetici.com%2Fteksite%2Fwp-content%2Fthemes%2Fspike_old%2Fimages%2Fgravatar.png&r=g","contentUrl":"https:\/\/secure.gravatar.com\/avatar\/1116b06e3b4c2ebfa9701704f7f385d866e18539e9b1dac7191ebd77566e2d2b?s=96&d=https%3A%2F%2Fwww.cetici.com%2Fteksite%2Fwp-content%2Fthemes%2Fspike_old%2Fimages%2Fgravatar.png&r=g","caption":"Teki"},"url":"https:\/\/www.cetici.com\/teksite\/author\/admin\/"}]}},"jetpack_sharing_enabled":true,"jetpack_featured_media_url":"","_links":{"self":[{"href":"https:\/\/www.cetici.com\/teksite\/wp-json\/wp\/v2\/posts\/981","targetHints":{"allow":["GET"]}}],"collection":[{"href":"https:\/\/www.cetici.com\/teksite\/wp-json\/wp\/v2\/posts"}],"about":[{"href":"https:\/\/www.cetici.com\/teksite\/wp-json\/wp\/v2\/types\/post"}],"author":[{"embeddable":true,"href":"https:\/\/www.cetici.com\/teksite\/wp-json\/wp\/v2\/users\/1"}],"replies":[{"embeddable":true,"href":"https:\/\/www.cetici.com\/teksite\/wp-json\/wp\/v2\/comments?post=981"}],"version-history":[{"count":0,"href":"https:\/\/www.cetici.com\/teksite\/wp-json\/wp\/v2\/posts\/981\/revisions"}],"wp:attachment":[{"href":"https:\/\/www.cetici.com\/teksite\/wp-json\/wp\/v2\/media?parent=981"}],"wp:term":[{"taxonomy":"category","embeddable":true,"href":"https:\/\/www.cetici.com\/teksite\/wp-json\/wp\/v2\/categories?post=981"},{"taxonomy":"post_tag","embeddable":true,"href":"https:\/\/www.cetici.com\/teksite\/wp-json\/wp\/v2\/tags?post=981"}],"curies":[{"name":"wp","href":"https:\/\/api.w.org\/{rel}","templated":true}]}}